{"id":56700,"date":"2025-01-22T08:14:10","date_gmt":"2025-01-22T11:14:10","guid":{"rendered":"http:\/\/www.sincomam.org.br\/?p=56700"},"modified":"2025-01-22T08:14:10","modified_gmt":"2025-01-22T11:14:10","slug":"incerteza-na-politica-comercial-de-trump-gera-impactos-na-cadeia-de-suprimentos-dos-eua-aponta-xeneta","status":"publish","type":"post","link":"https:\/\/www.sincomam.org.br\/index.php\/incerteza-na-politica-comercial-de-trump-gera-impactos-na-cadeia-de-suprimentos-dos-eua-aponta-xeneta\/","title":{"rendered":"Incerteza na pol\u00edtica comercial de Trump gera impactos na cadeia de suprimentos dos EUA, aponta Xeneta"},"content":{"rendered":"<p>A pol\u00edtica comercial de Donald Trump, marcada pela possibilidade de tarifas de importa\u00e7\u00e3o abrangentes, est\u00e1 criando incertezas para os transportadores americanos. Ap\u00f3s sua posse, Trump mencionou a inten\u00e7\u00e3o de aplicar tarifas de 25% sobre importa\u00e7\u00f5es do M\u00e9xico e Canad\u00e1, sem avan\u00e7ar imediatamente com tarifas de at\u00e9 60% sobre produtos da China e 10-20% do restante do mundo. A decis\u00e3o foi adiada para a realiza\u00e7\u00e3o de investiga\u00e7\u00f5es sobre d\u00e9ficits comerciais, pr\u00e1ticas desleais e manipula\u00e7\u00e3o cambial.<\/p>\n<p>Peter Sand, analista da Xeneta, destacou que a imprevisibilidade das tarifas prejudica o gerenciamento de riscos na cadeia de suprimentos, com poss\u00edveis aumentos nas taxas de frete, como ocorreu em 2018, quando tarifas elevadas fizeram as taxas de transporte entre China e Costa Oeste dos EUA subirem 70%. Hoje, as taxas spot nesse trajeto est\u00e3o 29% mais altas que h\u00e1 um ano, refletindo o impacto de conflitos geopol\u00edticos no Mar Vermelho.<\/p>\n<p>A possibilidade de tarifas gerais contra a China ou o mundo simultaneamente pode gerar um aumento hist\u00f3rico nas taxas de frete, enquanto um cessar-fogo entre Israel e Hamas pode aliviar o mercado, embora a situa\u00e7\u00e3o permane\u00e7a incerta. Em resposta, transportadores consideram medidas de curto prazo, como a forma\u00e7\u00e3o de estoques, e estrat\u00e9gias de longo prazo, incluindo a migra\u00e7\u00e3o da cadeia de suprimentos da China para outras regi\u00f5es, dependendo da evolu\u00e7\u00e3o da guerra comercial.<\/p>\n<p>Fonte: Portos e Navios<\/p>\n","protected":false},"excerpt":{"rendered":"<p>A pol\u00edtica comercial de Donald Trump, marcada pela possibilidade de tarifas de importa\u00e7\u00e3o abrangentes, est\u00e1 criando incertezas para os transportadores americanos. Ap\u00f3s sua posse, Trump&#8230;<\/p>\n","protected":false},"author":1527,"featured_media":56702,"comment_status":"closed","ping_status":"closed","sticky":false,"template":"","format":"standard","meta":{"footnotes":""},"categories":[6],"tags":[],"class_list":["post-56700","post","type-post","status-publish","format-standard","has-post-thumbnail","hentry","category-noticias"],"_links":{"self":[{"href":"https:\/\/www.sincomam.org.br\/index.php\/wp-json\/wp\/v2\/posts\/56700","targetHints":{"allow":["GET"]}}],"collection":[{"href":"https:\/\/www.sincomam.org.br\/index.php\/wp-json\/wp\/v2\/posts"}],"about":[{"href":"https:\/\/www.sincomam.org.br\/index.php\/wp-json\/wp\/v2\/types\/post"}],"author":[{"embeddable":true,"href":"https:\/\/www.sincomam.org.br\/index.php\/wp-json\/wp\/v2\/users\/1527"}],"replies":[{"embeddable":true,"href":"https:\/\/www.sincomam.org.br\/index.php\/wp-json\/wp\/v2\/comments?post=56700"}],"version-history":[{"count":1,"href":"https:\/\/www.sincomam.org.br\/index.php\/wp-json\/wp\/v2\/posts\/56700\/revisions"}],"predecessor-version":[{"id":56703,"href":"https:\/\/www.sincomam.org.br\/index.php\/wp-json\/wp\/v2\/posts\/56700\/revisions\/56703"}],"wp:featuredmedia":[{"embeddable":true,"href":"https:\/\/www.sincomam.org.br\/index.php\/wp-json\/wp\/v2\/media\/56702"}],"wp:attachment":[{"href":"https:\/\/www.sincomam.org.br\/index.php\/wp-json\/wp\/v2\/media?parent=56700"}],"wp:term":[{"taxonomy":"category","embeddable":true,"href":"https:\/\/www.sincomam.org.br\/index.php\/wp-json\/wp\/v2\/categories?post=56700"},{"taxonomy":"post_tag","embeddable":true,"href":"https:\/\/www.sincomam.org.br\/index.php\/wp-json\/wp\/v2\/tags?post=56700"}],"curies":[{"name":"wp","href":"https:\/\/api.w.org\/{rel}","templated":true}]}}