{"id":5669,"date":"2014-05-26T08:45:26","date_gmt":"2014-05-26T11:45:26","guid":{"rendered":"http:\/\/www.sincomam.org.br\/?p=5669"},"modified":"2014-05-23T22:50:58","modified_gmt":"2014-05-24T01:50:58","slug":"doze-chefes-de-estado-e-governo-confirmam-presenca-na-copa","status":"publish","type":"post","link":"https:\/\/www.sincomam.org.br\/index.php\/doze-chefes-de-estado-e-governo-confirmam-presenca-na-copa\/","title":{"rendered":"Doze chefes de Estado e governo confirmam presen\u00e7a na Copa"},"content":{"rendered":"<p>Ao menos 12 chefes de Estado e de governo j\u00e1 confirmaram que vir\u00e3o \u00e0 Copa do Mundo, entre junho e julho, apurou o Valor PRO \u2014 servi\u00e7o de informa\u00e7\u00e3o em tempo real do Valor. A presidente Dilma Rousseff dever\u00e1 ter diversos encontros bilaterais durante o mundial de futebol, em uma tentativa de conciliar a sua agenda internacional, relegada este ano em fun\u00e7\u00e3o da campanha eleitoral.<\/p>\n<p>Jacob Zuma, presidente da \u00c1frica do Sul; Angela Merkel, primeira-ministra da Alemanha; Cristina Kirchner, presidente da Argentina; Bakir Izetbegovic, presidente da B\u00f3snia-Herzegovina; Michelle Bachelet, presidente do Chile; Xi Jinping, presidente da China; Zoran Milanovic, primeiro-ministro da Cro\u00e1cia; John Mahama, presidente de Gana; Willem-Alexander, rei da Holanda; Pedro Passos Coelho, premi\u00ea de Portugal; Vladimir Putin, presidente da R\u00fassia; e Didier Burkhalter, presidente da Su\u00ed\u00e7a, j\u00e1 confirmaram ao governo brasileiro que visitar\u00e3o o pa\u00eds. A expectativa \u00e9 a de vinda de todos os chefes de Estado e de governo da Am\u00e9rica do Sul, cujos pa\u00edses tenham sele\u00e7\u00e3o disputando as partidas da Copa do Mundo.<\/p>\n<p>Apesar de a \u00cdndia n\u00e3o participar do mundial, o novo primeiro-ministro do pa\u00eds asi\u00e1tico, Narendra Modi, tamb\u00e9m \u00e9 aguardado pelo governo brasileiro, ao menos para a final, no dia 13 de julho no Est\u00e1dio do Maracan\u00e3. Isso porque a Copa precede o encontro dos l\u00edderes do Brics, em Fortaleza (CE).<\/p>\n<p>Al\u00e9m do convite formal de Dilma a todos os mandat\u00e1rios de pa\u00edses que ter\u00e3o times disputando a ta\u00e7a, a Fifa garante espa\u00e7o a chefes de Estado e altas delega\u00e7\u00f5es na tribuna de honra dos est\u00e1dios nos quais as respectivas sele\u00e7\u00f5es dos pa\u00edses entram em campo. Oficialmente, apenas os encontros bilaterais com Angela Merkel e o vice-presidente dos Estados Unidos, Joe Biden, foram anunciados. Mas a diplomacia brasileira confirma diversos pedidos para reuni\u00f5es bilaterais durante o mundial.<\/p>\n<p>Valor: Bruno Peres e Andr\u00e9 Borges \/ Foto: divulga\u00e7\u00e3o &#8211; Arena da Amaz\u00f4nia<\/p>\n","protected":false},"excerpt":{"rendered":"<p>Ao menos 12 chefes de Estado e de governo j\u00e1 confirmaram que vir\u00e3o \u00e0 Copa do Mundo, entre junho e julho, apurou o Valor PRO&#8230;<\/p>\n","protected":false},"author":1182,"featured_media":5670,"comment_status":"closed","ping_status":"closed","sticky":false,"template":"","format":"standard","meta":{"footnotes":""},"categories":[6],"tags":[61,137,1282,1283,604,1281],"class_list":["post-5669","post","type-post","status-publish","format-standard","has-post-thumbnail","hentry","category-noticias","tag-brasil","tag-copa","tag-doze","tag-estados","tag-estrangeiros","tag-presidentes"],"_links":{"self":[{"href":"https:\/\/www.sincomam.org.br\/index.php\/wp-json\/wp\/v2\/posts\/5669","targetHints":{"allow":["GET"]}}],"collection":[{"href":"https:\/\/www.sincomam.org.br\/index.php\/wp-json\/wp\/v2\/posts"}],"about":[{"href":"https:\/\/www.sincomam.org.br\/index.php\/wp-json\/wp\/v2\/types\/post"}],"author":[{"embeddable":true,"href":"https:\/\/www.sincomam.org.br\/index.php\/wp-json\/wp\/v2\/users\/1182"}],"replies":[{"embeddable":true,"href":"https:\/\/www.sincomam.org.br\/index.php\/wp-json\/wp\/v2\/comments?post=5669"}],"version-history":[{"count":1,"href":"https:\/\/www.sincomam.org.br\/index.php\/wp-json\/wp\/v2\/posts\/5669\/revisions"}],"predecessor-version":[{"id":5671,"href":"https:\/\/www.sincomam.org.br\/index.php\/wp-json\/wp\/v2\/posts\/5669\/revisions\/5671"}],"wp:featuredmedia":[{"embeddable":true,"href":"https:\/\/www.sincomam.org.br\/index.php\/wp-json\/wp\/v2\/media\/5670"}],"wp:attachment":[{"href":"https:\/\/www.sincomam.org.br\/index.php\/wp-json\/wp\/v2\/media?parent=5669"}],"wp:term":[{"taxonomy":"category","embeddable":true,"href":"https:\/\/www.sincomam.org.br\/index.php\/wp-json\/wp\/v2\/categories?post=5669"},{"taxonomy":"post_tag","embeddable":true,"href":"https:\/\/www.sincomam.org.br\/index.php\/wp-json\/wp\/v2\/tags?post=5669"}],"curies":[{"name":"wp","href":"https:\/\/api.w.org\/{rel}","templated":true}]}}