{"id":56653,"date":"2025-01-17T08:45:09","date_gmt":"2025-01-17T11:45:09","guid":{"rendered":"http:\/\/www.sincomam.org.br\/?p=56653"},"modified":"2025-01-17T08:45:09","modified_gmt":"2025-01-17T11:45:09","slug":"teto-do-inss-sobe-para-r-8-15740-em-2025","status":"publish","type":"post","link":"https:\/\/www.sincomam.org.br\/index.php\/teto-do-inss-sobe-para-r-8-15740-em-2025\/","title":{"rendered":"Teto do INSS sobe para R$ 8.157,40 em 2025"},"content":{"rendered":"<p>A partir de fevereiro, os aposentados e pensionistas do Instituto Nacional do Seguro Social (INSS) ter\u00e3o aumento de 4,77%. Com a corre\u00e7\u00e3o, o teto dos benef\u00edcios da Previd\u00eancia Social sobe para R$ 8.157,40 em 2025, contra R$ 7.786,01 em 2024.<img decoding=\"async\" src=\"https:\/\/agenciabrasil.ebc.com.br\/ebc.png?id=1626505&amp;o=node\" \/><img decoding=\"async\" src=\"https:\/\/agenciabrasil.ebc.com.br\/ebc.gif?id=1626505&amp;o=node\" \/><\/p>\n<p>A varia\u00e7\u00e3o equivale ao\u00a0\u00cdndice Nacional de Pre\u00e7os ao Consumidor (INPC) de 2024, divulgado nesta sexta-feira\u00a0(10) pelo Instituto Brasileiro de Geografia e Estat\u00edstica (IBGE). O indicador mede a infla\u00e7\u00e3o para fam\u00edlias com renda de at\u00e9 cinco sal\u00e1rios m\u00ednimos.<\/p>\n<p>O reajuste de 4,77% ser\u00e1 pago integralmente aos segurados que j\u00e1 recebiam as aposentadorias e pens\u00f5es do INSS acima de um sal\u00e1rio m\u00ednimo em 1\u00ba de fevereiro de 2024. Quem come\u00e7ou a receber o benef\u00edcio ap\u00f3s essa data ter\u00e1 aumento proporcional ao n\u00famero de meses em que o benef\u00edcio foi pago.<\/p>\n<p>Segundo o INSS, atualmente 12,2 milh\u00f5es de benefici\u00e1rios recebem acima do piso nacional, dos quais 10,6 mil ganham o teto da Previd\u00eancia Social. Um total de 40,7 milh\u00f5es de pessoas, cerca de 70% do total dos aposentados e pensionistas, ganham o sal\u00e1rio m\u00ednimo, que subiu de R$ 1.412 para R$ 1.580.<\/p>\n<p>Para quem recebe o sal\u00e1rio m\u00ednimo, o pagamento das aposentadorias e pens\u00f5es com reajuste vai de 27 de janeiro a 7 de fevereiro. O pagamento dos benef\u00edcios do INSS acima do m\u00ednimo com a corre\u00e7\u00e3o de 4,77% vai de 3 a 7 de fevereiro. A data de pagamento varia conforme o n\u00famero final do cart\u00e3o de benef\u00edcio, desconsiderando o d\u00edgito verificador, que aparece ap\u00f3s o tra\u00e7o.<\/p>\n<p>Por mais um ano, os aposentados e pensionistas que ganham al\u00e9m do m\u00ednimo n\u00e3o ter\u00e3o aumento real (acima da infla\u00e7\u00e3o), recebendo o equivalente ao INPC do ano anterior. Quem recebe o m\u00ednimo teve reajuste real de 2,5%, segundo a pol\u00edtica aprovada pelo Congresso no fim do ano passado, que restringe o aumento real ao teto de crescimento de gastos do arcabou\u00e7o fiscal.<\/p>\n<h2>Tabela<\/h2>\n<p>A corre\u00e7\u00e3o de 4,77% tamb\u00e9m incidir\u00e1 sobre a tabela do INSS, por meio da qual os trabalhadores da iniciativa privada com carteira assinada e de empresas estatais recolhem as contribui\u00e7\u00f5es mensais \u00e0 Previd\u00eancia Social. As al\u00edquotas e as faixas de dedu\u00e7\u00e3o v\u00e3o incidir sobre as seguintes faixas:<\/p>\n<table border=\"1\" cellspacing=\"1\" cellpadding=\"1\">\n<tbody>\n<tr>\n<td class=\"rtecenter\"><strong>Sal\u00e1rio de Contribui\u00e7\u00f5es<\/strong><\/td>\n<td class=\"rtecenter\"><strong>Al\u00edquota<\/strong><\/td>\n<td class=\"rtecenter\"><strong>Parcela a deduzir do INSS<\/strong><\/td>\n<\/tr>\n<tr>\n<td>At\u00e9 R$ 1.518<\/td>\n<td>7,5%<\/td>\n<td>R$ 0,00<\/td>\n<\/tr>\n<tr>\n<td>De R$ 1.518,01 a R$ 2.793,88<\/td>\n<td>9%<\/td>\n<td>R$ 22,77<\/td>\n<\/tr>\n<tr>\n<td>De R$ 2.793,89 a R$ 4.190,83<\/td>\n<td>12%<\/td>\n<td>R$ 106,59<\/td>\n<\/tr>\n<tr>\n<td>De R$ 4.190,84 a R$ 8.157,41<\/td>\n<td>14%<\/td>\n<td>R$ 190,40<\/td>\n<\/tr>\n<\/tbody>\n<\/table>\n<h5><strong>Fonte: INSS<\/strong><\/h5>\n<h2>\nConsulta<\/h2>\n<p>Nas pr\u00f3ximas semanas, o INSS fornecer\u00e1 o extrato com os novos valores das aposentadorias e das pens\u00f5es. As informa\u00e7\u00f5es est\u00e3o dispon\u00edveis no site\u00a0<a href=\"https:\/\/meu.inss.gov.br\/\">Meu INSS<\/a>\u00a0e no aplicativo de mesmo nome. A consulta exige login e senha do\u00a0<a href=\"https:\/\/www.gov.br\/pt-br\">Portal Gov.br<\/a>.<\/p>\n<p>Quem n\u00e3o tem acesso \u00e0 internet pode consultar o valor por meio do telefone 135. O segurado que ligar para esse n\u00famero deve informar o n\u00famero do Cadastro de Pessoa F\u00edsica (CPF) e confirmar alguns dados cadastrais para evitar fraudes.<\/p>\n<p>Fonte: Ag\u00eancia Brasil<\/p>\n","protected":false},"excerpt":{"rendered":"<p>A partir de fevereiro, os aposentados e pensionistas do Instituto Nacional do Seguro Social (INSS) ter\u00e3o aumento de 4,77%. Com a corre\u00e7\u00e3o, o teto dos&#8230;<\/p>\n","protected":false},"author":1527,"featured_media":56655,"comment_status":"closed","ping_status":"closed","sticky":false,"template":"","format":"standard","meta":{"footnotes":""},"categories":[6],"tags":[],"class_list":["post-56653","post","type-post","status-publish","format-standard","has-post-thumbnail","hentry","category-noticias"],"_links":{"self":[{"href":"https:\/\/www.sincomam.org.br\/index.php\/wp-json\/wp\/v2\/posts\/56653","targetHints":{"allow":["GET"]}}],"collection":[{"href":"https:\/\/www.sincomam.org.br\/index.php\/wp-json\/wp\/v2\/posts"}],"about":[{"href":"https:\/\/www.sincomam.org.br\/index.php\/wp-json\/wp\/v2\/types\/post"}],"author":[{"embeddable":true,"href":"https:\/\/www.sincomam.org.br\/index.php\/wp-json\/wp\/v2\/users\/1527"}],"replies":[{"embeddable":true,"href":"https:\/\/www.sincomam.org.br\/index.php\/wp-json\/wp\/v2\/comments?post=56653"}],"version-history":[{"count":1,"href":"https:\/\/www.sincomam.org.br\/index.php\/wp-json\/wp\/v2\/posts\/56653\/revisions"}],"predecessor-version":[{"id":56656,"href":"https:\/\/www.sincomam.org.br\/index.php\/wp-json\/wp\/v2\/posts\/56653\/revisions\/56656"}],"wp:featuredmedia":[{"embeddable":true,"href":"https:\/\/www.sincomam.org.br\/index.php\/wp-json\/wp\/v2\/media\/56655"}],"wp:attachment":[{"href":"https:\/\/www.sincomam.org.br\/index.php\/wp-json\/wp\/v2\/media?parent=56653"}],"wp:term":[{"taxonomy":"category","embeddable":true,"href":"https:\/\/www.sincomam.org.br\/index.php\/wp-json\/wp\/v2\/categories?post=56653"},{"taxonomy":"post_tag","embeddable":true,"href":"https:\/\/www.sincomam.org.br\/index.php\/wp-json\/wp\/v2\/tags?post=56653"}],"curies":[{"name":"wp","href":"https:\/\/api.w.org\/{rel}","templated":true}]}}