{"id":56609,"date":"2025-01-16T08:04:11","date_gmt":"2025-01-16T11:04:11","guid":{"rendered":"http:\/\/www.sincomam.org.br\/?p=56609"},"modified":"2025-01-16T08:04:11","modified_gmt":"2025-01-16T11:04:11","slug":"governo-da-pb-anuncia-r-126-milhoes-para-porto-de-cabedelo","status":"publish","type":"post","link":"https:\/\/www.sincomam.org.br\/index.php\/governo-da-pb-anuncia-r-126-milhoes-para-porto-de-cabedelo\/","title":{"rendered":"Governo da PB anuncia R$ 126 milh\u00f5es para Porto de Cabedelo"},"content":{"rendered":"<p>O Governo da Para\u00edba anunciou que R$ 126 milh\u00f5es ser\u00e3o investidos no Porto de Cabedelo, com a amplia\u00e7\u00e3o do dique e a aquisi\u00e7\u00e3o e instala\u00e7\u00e3o de equipamentos para movimenta\u00e7\u00e3o de cont\u00eaineres.<\/p>\n<p>Dos investimentos, R$ 91 milh\u00f5es ser\u00e3o destinados para uma completa reestrutura\u00e7\u00e3o do dique, al\u00e9m da amplia\u00e7\u00e3o em 200 metros, sendo assim, uma obra estrutural e tur\u00edstica, com impacto direto no nosso dia a dia operacional. Ainda sobre nossa efici\u00eancia log\u00edstica, os outros R$ 35 milh\u00f5es ser\u00e3o para aquisi\u00e7\u00e3o e instala\u00e7\u00e3o de guindastes do tipo MHC, utilizados na movimenta\u00e7\u00e3o de cont\u00eaniers, visando opera\u00e7\u00f5es de cabotagem.<\/p>\n<p>\u201cO nosso Porto de Cabedelo foi, mais uma vez, contemplado e, somados aos repasses desse \u00faltimos 2 anos, j\u00e1 tivemos mais de R$ 300 milh\u00f5es. Esse n\u00e3o s\u00f3 \u00e9 um ineg\u00e1vel sinal do compromisso cont\u00ednuo do Governo e do Governador Jo\u00e3o, como tamb\u00e9m um sinal claro do nosso rumo certo em mais um cap\u00edtulo da nossa hist\u00f3ria\u201d, celebrou Ricardo Barbosa, diretor-presidente da Companhia Docas da Para\u00edba.<\/p>\n<p>No total, os investimentos anunciados no programa consistem em novas obras e a\u00e7\u00f5es que contemplar\u00e3o todas as regi\u00f5es do estado com um grande volume de investimentos que somam R$ 11,5 bilh\u00f5es, dos quais R$ 9,39 bilh\u00f5es ser\u00e3o de recursos pr\u00f3prios do Estado e R$ 2,11 bilh\u00f5es do governo federal, oriundos do Or\u00e7amento Geral da Uni\u00e3o (OGU) e Programa de Acelera\u00e7\u00e3o do Crescimento (PAC). O an\u00fancio ocorreu no Teatro Paulo Pontes, no Espa\u00e7o Cultural Jos\u00e9 Lins do Rego, em Jo\u00e3o Pessoa. A iniciativa representa mais uma a\u00e7\u00e3o do governo para promover o desenvolvimento dos munic\u00edpios, gerar emprego e renda e assegurar o acesso da popula\u00e7\u00e3o a servi\u00e7os p\u00fablicos com cada vez mais qualidade e efici\u00eancia, assegurando a melhoria de vida e fortalecimento das pol\u00edticas p\u00fablicas de inclus\u00e3o social.<\/p>\n<p>Fonte: Portal Cabedelo<\/p>\n","protected":false},"excerpt":{"rendered":"<p>O Governo da Para\u00edba anunciou que R$ 126 milh\u00f5es ser\u00e3o investidos no Porto de Cabedelo, com a amplia\u00e7\u00e3o do dique e a aquisi\u00e7\u00e3o e instala\u00e7\u00e3o&#8230;<\/p>\n","protected":false},"author":1527,"featured_media":56611,"comment_status":"closed","ping_status":"closed","sticky":false,"template":"","format":"standard","meta":{"footnotes":""},"categories":[6],"tags":[],"class_list":["post-56609","post","type-post","status-publish","format-standard","has-post-thumbnail","hentry","category-noticias"],"_links":{"self":[{"href":"https:\/\/www.sincomam.org.br\/index.php\/wp-json\/wp\/v2\/posts\/56609","targetHints":{"allow":["GET"]}}],"collection":[{"href":"https:\/\/www.sincomam.org.br\/index.php\/wp-json\/wp\/v2\/posts"}],"about":[{"href":"https:\/\/www.sincomam.org.br\/index.php\/wp-json\/wp\/v2\/types\/post"}],"author":[{"embeddable":true,"href":"https:\/\/www.sincomam.org.br\/index.php\/wp-json\/wp\/v2\/users\/1527"}],"replies":[{"embeddable":true,"href":"https:\/\/www.sincomam.org.br\/index.php\/wp-json\/wp\/v2\/comments?post=56609"}],"version-history":[{"count":1,"href":"https:\/\/www.sincomam.org.br\/index.php\/wp-json\/wp\/v2\/posts\/56609\/revisions"}],"predecessor-version":[{"id":56612,"href":"https:\/\/www.sincomam.org.br\/index.php\/wp-json\/wp\/v2\/posts\/56609\/revisions\/56612"}],"wp:featuredmedia":[{"embeddable":true,"href":"https:\/\/www.sincomam.org.br\/index.php\/wp-json\/wp\/v2\/media\/56611"}],"wp:attachment":[{"href":"https:\/\/www.sincomam.org.br\/index.php\/wp-json\/wp\/v2\/media?parent=56609"}],"wp:term":[{"taxonomy":"category","embeddable":true,"href":"https:\/\/www.sincomam.org.br\/index.php\/wp-json\/wp\/v2\/categories?post=56609"},{"taxonomy":"post_tag","embeddable":true,"href":"https:\/\/www.sincomam.org.br\/index.php\/wp-json\/wp\/v2\/tags?post=56609"}],"curies":[{"name":"wp","href":"https:\/\/api.w.org\/{rel}","templated":true}]}}