{"id":56597,"date":"2025-01-15T07:38:44","date_gmt":"2025-01-15T10:38:44","guid":{"rendered":"http:\/\/www.sincomam.org.br\/?p=56597"},"modified":"2025-01-15T07:38:44","modified_gmt":"2025-01-15T10:38:44","slug":"governo-pretende-manter-isencao-para-ate-dois-minimos-no-ir-em-2025","status":"publish","type":"post","link":"https:\/\/www.sincomam.org.br\/index.php\/governo-pretende-manter-isencao-para-ate-dois-minimos-no-ir-em-2025\/","title":{"rendered":"Governo pretende manter isen\u00e7\u00e3o para at\u00e9 dois m\u00ednimos no IR em 2025"},"content":{"rendered":"<p>A isen\u00e7\u00e3o do Imposto de Renda (IR) para quem ganha at\u00e9 dois sal\u00e1rios m\u00ednimos ser\u00e1 mantida em 2025, disse nesta ter\u00e7a-feira (14) o ministro da Fazenda, Fernando Haddad. Segundo o ministro, essa \u00e9 uma orienta\u00e7\u00e3o do presidente Luiz In\u00e1cio Lula da Silva.<img decoding=\"async\" src=\"https:\/\/agenciabrasil.ebc.com.br\/ebc.png?id=1626794&amp;o=node\" \/><img decoding=\"async\" src=\"https:\/\/agenciabrasil.ebc.com.br\/ebc.gif?id=1626794&amp;o=node\" \/><\/p>\n<p>A mudan\u00e7a depende da aprova\u00e7\u00e3o de projeto de lei que atualiza o Or\u00e7amento de 2025, ainda n\u00e3o aprovado, e s\u00f3 ser\u00e1 enviada ap\u00f3s as elei\u00e7\u00f5es para as Mesas Diretoras da C\u00e2mara e do Senado. \u201cDeve ter uma atualiza\u00e7\u00e3o [no Or\u00e7amento], sim. Estamos considerando essa possibilidade para manter o ritmo de mudan\u00e7a da faixa de isen\u00e7\u00e3o. \u00c9 uma orienta\u00e7\u00e3o, que n\u00f3s recebemos do presidente [Luiz In\u00e1cio Lula da Silva]\u201d, disse Haddad antes de ir para a posse do novo secret\u00e1rio de Comunica\u00e7\u00e3o, Sid\u00f4nio Pereira.<\/p>\n<p>Com o atraso da aprova\u00e7\u00e3o do Or\u00e7amento e do envio da reforma do Imposto de Renda, a\u00a0tabela do Imposto de Renda para 2025\u00a0n\u00e3o mudou. A faixa de isen\u00e7\u00e3o continua em R$ 2.824 por m\u00eas, o equivalente a dois sal\u00e1rios m\u00ednimos de 2024. Com a eleva\u00e7\u00e3o para dois sal\u00e1rios m\u00ednimos, o valor subiria para R$ 3.036, o dobro do m\u00ednimo atual de R$ 1.518.<\/p>\n<p>Em rela\u00e7\u00e3o \u00e0 reforma do Imposto de Renda, Haddad declarou que o governo esperar\u00e1 as elei\u00e7\u00f5es das duas mesas e a aprova\u00e7\u00e3o do Or\u00e7amento para enviar a proposta. O ministro reiterou que a reforma ser\u00e1 um pacote que abranger\u00e1 v\u00e1rios projetos de lei, a serem enviados em etapas.<\/p>\n<p>\u201cExistem v\u00e1rias distor\u00e7\u00f5es no nosso sistema de Imposto de Renda, e pretendemos corrigir essas distor\u00e7\u00f5es, tanto do ponto de vista distributivo quanto da neutralidade fiscal. N\u00e3o \u00e9 uma lei s\u00f3 que vai resolver a quest\u00e3o da renda, porque s\u00e3o v\u00e1rias, n\u00e3o \u00e9 um pacote, mas as medidas v\u00e3o ser encaminhadas, \u00e0 medida que forem ficando prontas\u201d, ressaltou Haddad.<\/p>\n<p>O ministro tamb\u00e9m informou que Lula dever\u00e1 sancionar, ainda esta semana, a regulamenta\u00e7\u00e3o da reforma tribut\u00e1ria do consumo, aprovada pelo Congresso em dezembro. Haddad ressaltou que haver\u00e1 poucos vetos t\u00e9cnicos, que preservar\u00e3o a ess\u00eancia do projeto de lei complementar aprovado pela C\u00e2mara e pelo Senado.<\/p>\n<p>\u201cJ\u00e1 encaminhamos tanto para a AGU [Advocacia-Geral da Uni\u00e3o] quando para a Casa Civil, as raz\u00f5es de veto dos artigos respectivos, mas isso n\u00e3o passou ainda pelo crivo do presidente. Por isso n\u00e3o posso adiantar [os pontos a serem vetados], mas s\u00e3o coisas bastante laterais e podem trazer problemas t\u00e9cnicos e de aplica\u00e7\u00e3o. A ess\u00eancia da reforma est\u00e1 mantida, mas afasta problemas que podem ocorrer a depender da interpreta\u00e7\u00e3o dos dispositivos\u201d, disse o ministro.<\/p>\n<p>Fonte: Ag\u00eancia Brasil<\/p>\n","protected":false},"excerpt":{"rendered":"<p>A isen\u00e7\u00e3o do Imposto de Renda (IR) para quem ganha at\u00e9 dois sal\u00e1rios m\u00ednimos ser\u00e1 mantida em 2025, disse nesta ter\u00e7a-feira (14) o ministro da&#8230;<\/p>\n","protected":false},"author":1527,"featured_media":56599,"comment_status":"closed","ping_status":"closed","sticky":false,"template":"","format":"standard","meta":{"footnotes":""},"categories":[6],"tags":[],"class_list":["post-56597","post","type-post","status-publish","format-standard","has-post-thumbnail","hentry","category-noticias"],"_links":{"self":[{"href":"https:\/\/www.sincomam.org.br\/index.php\/wp-json\/wp\/v2\/posts\/56597","targetHints":{"allow":["GET"]}}],"collection":[{"href":"https:\/\/www.sincomam.org.br\/index.php\/wp-json\/wp\/v2\/posts"}],"about":[{"href":"https:\/\/www.sincomam.org.br\/index.php\/wp-json\/wp\/v2\/types\/post"}],"author":[{"embeddable":true,"href":"https:\/\/www.sincomam.org.br\/index.php\/wp-json\/wp\/v2\/users\/1527"}],"replies":[{"embeddable":true,"href":"https:\/\/www.sincomam.org.br\/index.php\/wp-json\/wp\/v2\/comments?post=56597"}],"version-history":[{"count":1,"href":"https:\/\/www.sincomam.org.br\/index.php\/wp-json\/wp\/v2\/posts\/56597\/revisions"}],"predecessor-version":[{"id":56600,"href":"https:\/\/www.sincomam.org.br\/index.php\/wp-json\/wp\/v2\/posts\/56597\/revisions\/56600"}],"wp:featuredmedia":[{"embeddable":true,"href":"https:\/\/www.sincomam.org.br\/index.php\/wp-json\/wp\/v2\/media\/56599"}],"wp:attachment":[{"href":"https:\/\/www.sincomam.org.br\/index.php\/wp-json\/wp\/v2\/media?parent=56597"}],"wp:term":[{"taxonomy":"category","embeddable":true,"href":"https:\/\/www.sincomam.org.br\/index.php\/wp-json\/wp\/v2\/categories?post=56597"},{"taxonomy":"post_tag","embeddable":true,"href":"https:\/\/www.sincomam.org.br\/index.php\/wp-json\/wp\/v2\/tags?post=56597"}],"curies":[{"name":"wp","href":"https:\/\/api.w.org\/{rel}","templated":true}]}}