{"id":56573,"date":"2025-01-15T06:53:52","date_gmt":"2025-01-15T09:53:52","guid":{"rendered":"http:\/\/www.sincomam.org.br\/?p=56573"},"modified":"2025-01-15T06:55:44","modified_gmt":"2025-01-15T09:55:44","slug":"brasil-tem-condicao-de-fazer-leilao-de-areas-para-eolica-offshore-em-2025-diz-abeeolica","status":"publish","type":"post","link":"https:\/\/www.sincomam.org.br\/index.php\/brasil-tem-condicao-de-fazer-leilao-de-areas-para-eolica-offshore-em-2025-diz-abeeolica\/","title":{"rendered":"Brasil tem condi\u00e7\u00e3o de fazer leil\u00e3o de \u00e1reas para e\u00f3lica offshore em 2025, diz ABEE\u00f3lica"},"content":{"rendered":"<p>A san\u00e7\u00e3o da lei para explora\u00e7\u00e3o da energia e\u00f3lica offshore no Brasil abre caminho para a realiza\u00e7\u00e3o do primeiro leil\u00e3o de cess\u00e3o de uso de \u00e1reas no mar j\u00e1 em 2025, em linha com os objetivos do pa\u00eds para a confer\u00eancia clim\u00e1tica COP30, avaliou nesta segunda-feira (13), Elbia Gannoum, presidente da Associa\u00e7\u00e3o Brasileira de Energia E\u00f3lica (ABEE\u00f3lica).<\/p>\n<p>Al\u00e9m de a tecnologia para gera\u00e7\u00e3o de energia e\u00f3lica offshore j\u00e1 estar sendo estudada pelos empreendedores h\u00e1 alguns anos, o pr\u00f3prio Minist\u00e9rio de Minas e Energia vinha antecipando os preparativos para o certame enquanto o tema era discutido no Congresso, buscando aprendizados na experi\u00eancia internacional do segmento, lembrou ela.<\/p>\n<p>\u201c(A lei) Foi uma base estrutural forte, agora temos que seguir com aparatos infralegais, sendo que a maioria est\u00e1 pronto, porque esperamos muito por essa lei, estamos muito avan\u00e7ados com estudos\u2026 A nossa perspectiva \u00e9 ter no ano de 2025 o nosso primeiro leil\u00e3o de cess\u00e3o do uso do mar\u201d, declarou ela \u00e0 Reuters.<\/p>\n<p>O presidente Luiz In\u00e1cio Lula da Silva sancionou na \u00faltima sexta-feira (10) o projeto de lei aprovado no Congresso Nacional.<\/p>\n<p>\u201cO Brasil vai ter que entregar muita coisa na COP30\u201d, disse Gannoum, ressaltando que a energia e\u00f3lica offshore era uma das vertentes de um pacote amplo de iniciativas do governo federal na agenda de transi\u00e7\u00e3o energ\u00e9tica e reindustrializa\u00e7\u00e3o.<\/p>\n<p>O Brasil apresenta enorme potencial para explora\u00e7\u00e3o de energia e\u00f3lica offshore, sobretudo no Nordeste, Sudeste e Sul. J\u00e1 s\u00e3o mais de 100 projetos, que somam 244 GW de pot\u00eancia, com pedido de licenciamento ambiental junto ao Ibama, mas todos ainda em est\u00e1gios iniciais de desenvolvimento.<\/p>\n<p>Depois de conquistarem o direito de explora\u00e7\u00e3o de \u00e1reas no mar, os investidores da fonte ainda dever\u00e3o levar no m\u00ednimo tr\u00eas anos para avan\u00e7ar com o desenvolvimento dos projetos, que futuramente ainda precisar\u00e3o arranjar contratos de energia. A previs\u00e3o da ABEE\u00f3lica \u00e9 de que as primeiras usinas possam entrar em opera\u00e7\u00e3o a partir de 2031.<\/p>\n<p>A presidente da associa\u00e7\u00e3o reconheceu que o setor e\u00f3lico brasileiro passa por um momento desafiador, com 2024 devendo fechar com retra\u00e7\u00e3o na instala\u00e7\u00e3o de novas usinas, em meio \u00e0 dificuldades para lan\u00e7amento de novos projetos em fun\u00e7\u00e3o da sobreoferta de energia no pa\u00eds.<\/p>\n<p>Apesar disso, ela destacou o fator conjuntural dessa desacelera\u00e7\u00e3o do segmento, afirmando que o pa\u00eds precisar\u00e1 de muita energia el\u00e9trica a partir de 2027 e 2028 para atender \u00e0 demanda de novos segmentos, como os data centers e a ind\u00fastria de hidrog\u00eanio verde.<\/p>\n<p>Gannoum tamb\u00e9m comemorou o veto presidencial aos \u201cjabutis\u201d na lei da e\u00f3lica offshore, afirmando que as emendas inclu\u00eddas pelo Congresso, como extens\u00e3o de contratos de usinas a carv\u00e3o e incentivos a termel\u00e9tricas a g\u00e1s, iam na contram\u00e3o da agenda de energia limpa e renov\u00e1vel do Executivo.<\/p>\n<p>\u201cSabemos o quanto \u00e9 dif\u00edcil aprovar uma lei e tirar jabutis de uma lei\u2026 Nossa miss\u00e3o como setor est\u00e1 cumprida, n\u00f3s vetamos. A partir de l\u00e1 (Congresso), \u00e9 outro mundo\u201d, disse ela, em refer\u00eancia \u00e0 possibilidade de os parlamentares ainda derrubarem o veto presidencial e retomarem os artigos.<\/p>\n<p>Fonte: Terra<\/p>\n<p>&nbsp;<\/p>\n","protected":false},"excerpt":{"rendered":"<p>A san\u00e7\u00e3o da lei para explora\u00e7\u00e3o da energia e\u00f3lica offshore no Brasil abre caminho para a realiza\u00e7\u00e3o do primeiro leil\u00e3o de cess\u00e3o de uso de&#8230;<\/p>\n","protected":false},"author":1527,"featured_media":56575,"comment_status":"closed","ping_status":"closed","sticky":false,"template":"","format":"standard","meta":{"footnotes":""},"categories":[6],"tags":[],"class_list":["post-56573","post","type-post","status-publish","format-standard","has-post-thumbnail","hentry","category-noticias"],"_links":{"self":[{"href":"https:\/\/www.sincomam.org.br\/index.php\/wp-json\/wp\/v2\/posts\/56573","targetHints":{"allow":["GET"]}}],"collection":[{"href":"https:\/\/www.sincomam.org.br\/index.php\/wp-json\/wp\/v2\/posts"}],"about":[{"href":"https:\/\/www.sincomam.org.br\/index.php\/wp-json\/wp\/v2\/types\/post"}],"author":[{"embeddable":true,"href":"https:\/\/www.sincomam.org.br\/index.php\/wp-json\/wp\/v2\/users\/1527"}],"replies":[{"embeddable":true,"href":"https:\/\/www.sincomam.org.br\/index.php\/wp-json\/wp\/v2\/comments?post=56573"}],"version-history":[{"count":2,"href":"https:\/\/www.sincomam.org.br\/index.php\/wp-json\/wp\/v2\/posts\/56573\/revisions"}],"predecessor-version":[{"id":56581,"href":"https:\/\/www.sincomam.org.br\/index.php\/wp-json\/wp\/v2\/posts\/56573\/revisions\/56581"}],"wp:featuredmedia":[{"embeddable":true,"href":"https:\/\/www.sincomam.org.br\/index.php\/wp-json\/wp\/v2\/media\/56575"}],"wp:attachment":[{"href":"https:\/\/www.sincomam.org.br\/index.php\/wp-json\/wp\/v2\/media?parent=56573"}],"wp:term":[{"taxonomy":"category","embeddable":true,"href":"https:\/\/www.sincomam.org.br\/index.php\/wp-json\/wp\/v2\/categories?post=56573"},{"taxonomy":"post_tag","embeddable":true,"href":"https:\/\/www.sincomam.org.br\/index.php\/wp-json\/wp\/v2\/tags?post=56573"}],"curies":[{"name":"wp","href":"https:\/\/api.w.org\/{rel}","templated":true}]}}