{"id":56543,"date":"2025-01-14T08:07:55","date_gmt":"2025-01-14T11:07:55","guid":{"rendered":"http:\/\/www.sincomam.org.br\/?p=56543"},"modified":"2025-01-14T08:07:55","modified_gmt":"2025-01-14T11:07:55","slug":"porto-do-riorecebe-visita-tecnica-para-discutir-eletrificacao-e-descarbonizacao","status":"publish","type":"post","link":"https:\/\/www.sincomam.org.br\/index.php\/porto-do-riorecebe-visita-tecnica-para-discutir-eletrificacao-e-descarbonizacao\/","title":{"rendered":"Porto do Riorecebe visita t\u00e9cnica para discutir eletrifica\u00e7\u00e3o e descarboniza\u00e7\u00e3o"},"content":{"rendered":"<p>O Porto do Rio de Janeiro recebeu, na \u00faltima sexta-feira (10), a comitiva da Secretaria de Estado de Energia e Economia do Mar do Rio de Janeiro (Seenemar\/RJ) para discutir projetos de eletrifica\u00e7\u00e3o e descarboniza\u00e7\u00e3o em andamento e fortalecer parcerias institucionais. A visita, liderada pelo subsecret\u00e1rio t\u00e9cnico de Energias e Economia do Mar, Sergio Chaves Junior, contou com a recep\u00e7\u00e3o do diretor-presidente da PortosRio, Francisco Martins, e do superintendente de Gest\u00e3o Estrat\u00e9gica, Luis Cesar Fonseca. Durante o encontro, foram apresentados dados estrat\u00e9gicos sobre os portos administrados pela autoridade portu\u00e1ria, com \u00eanfase nos avan\u00e7os em sustentabilidade e desafios de infraestrutura.<\/p>\n<p>A programa\u00e7\u00e3o incluiu uma visita ao Centro de Comando e Controle de Seguran\u00e7a Portu\u00e1ria, onde foram demonstradas opera\u00e7\u00f5es e tecnologias empregadas. Representantes dos terminais Rio Brasil Terminal e MultiRio tamb\u00e9m compartilharam informa\u00e7\u00f5es sobre os projetos de eletrifica\u00e7\u00e3o, apontando dificuldades na implementa\u00e7\u00e3o da infraestrutura necess\u00e1ria. A opera\u00e7\u00e3o de equipamentos eletrificados e navios movidos a g\u00e1s natural liquefeito, como o que estava atracado no Terminal da ICTSI, foi destacada como uma alternativa sustent\u00e1vel, com potencial de redu\u00e7\u00e3o das emiss\u00f5es de CO\u2082.<\/p>\n<p>Martins refor\u00e7ou a import\u00e2ncia da parceria com a Seenemar para superar desafios, desde o aumento da oferta de energia el\u00e9trica at\u00e9 quest\u00f5es ambientais, elogiando o compromisso da secretaria em atuar como interlocutora junto a \u00f3rg\u00e3os estaduais e empresas concession\u00e1rias. J\u00e1 Chaves Junior classificou a visita como estrat\u00e9gica, destacando o empenho do governo estadual em buscar solu\u00e7\u00f5es para o desenvolvimento sustent\u00e1vel do porto. A comitiva contou ainda com outros representantes da Seenemar, que contribu\u00edram com discuss\u00f5es t\u00e9cnicas e institucionais.<\/p>\n<p>Fonte: PortosRio<\/p>\n","protected":false},"excerpt":{"rendered":"<p>O Porto do Rio de Janeiro recebeu, na \u00faltima sexta-feira (10), a comitiva da Secretaria de Estado de Energia e Economia do Mar do Rio&#8230;<\/p>\n","protected":false},"author":1527,"featured_media":56545,"comment_status":"closed","ping_status":"closed","sticky":false,"template":"","format":"standard","meta":{"footnotes":""},"categories":[6],"tags":[],"class_list":["post-56543","post","type-post","status-publish","format-standard","has-post-thumbnail","hentry","category-noticias"],"_links":{"self":[{"href":"https:\/\/www.sincomam.org.br\/index.php\/wp-json\/wp\/v2\/posts\/56543","targetHints":{"allow":["GET"]}}],"collection":[{"href":"https:\/\/www.sincomam.org.br\/index.php\/wp-json\/wp\/v2\/posts"}],"about":[{"href":"https:\/\/www.sincomam.org.br\/index.php\/wp-json\/wp\/v2\/types\/post"}],"author":[{"embeddable":true,"href":"https:\/\/www.sincomam.org.br\/index.php\/wp-json\/wp\/v2\/users\/1527"}],"replies":[{"embeddable":true,"href":"https:\/\/www.sincomam.org.br\/index.php\/wp-json\/wp\/v2\/comments?post=56543"}],"version-history":[{"count":1,"href":"https:\/\/www.sincomam.org.br\/index.php\/wp-json\/wp\/v2\/posts\/56543\/revisions"}],"predecessor-version":[{"id":56546,"href":"https:\/\/www.sincomam.org.br\/index.php\/wp-json\/wp\/v2\/posts\/56543\/revisions\/56546"}],"wp:featuredmedia":[{"embeddable":true,"href":"https:\/\/www.sincomam.org.br\/index.php\/wp-json\/wp\/v2\/media\/56545"}],"wp:attachment":[{"href":"https:\/\/www.sincomam.org.br\/index.php\/wp-json\/wp\/v2\/media?parent=56543"}],"wp:term":[{"taxonomy":"category","embeddable":true,"href":"https:\/\/www.sincomam.org.br\/index.php\/wp-json\/wp\/v2\/categories?post=56543"},{"taxonomy":"post_tag","embeddable":true,"href":"https:\/\/www.sincomam.org.br\/index.php\/wp-json\/wp\/v2\/tags?post=56543"}],"curies":[{"name":"wp","href":"https:\/\/api.w.org\/{rel}","templated":true}]}}