{"id":56522,"date":"2025-01-13T06:30:29","date_gmt":"2025-01-13T09:30:29","guid":{"rendered":"http:\/\/www.sincomam.org.br\/?p=56522"},"modified":"2025-01-12T23:39:06","modified_gmt":"2025-01-13T02:39:06","slug":"nova-via-hidroviaria-no-rio-tocantins-impulsionara-navegacao-no-arco-norte-em-2025","status":"publish","type":"post","link":"https:\/\/www.sincomam.org.br\/index.php\/nova-via-hidroviaria-no-rio-tocantins-impulsionara-navegacao-no-arco-norte-em-2025\/","title":{"rendered":"Nova via hidrovi\u00e1ria no Rio Tocantins impulsionar\u00e1 navega\u00e7\u00e3o no Arco Norte em 2025"},"content":{"rendered":"<p>Os portos do Arco Norte ganhar\u00e3o um importante impulso a partir de 2025 com o in\u00edcio da navega\u00e7\u00e3o comercial e de passageiros no Rio Tocantins. O Governo do Par\u00e1, por meio da Secretaria de Estado de Meio Ambiente e Sustentabilidade (SEMAS), emitiu as licen\u00e7as de opera\u00e7\u00e3o para as eclusas de Tucuru\u00ed, permitindo a navega\u00e7\u00e3o entre a Foz do Tocantins e Marab\u00e1. Essa iniciativa \u00e9 considerada um marco hist\u00f3rico por Fl\u00e1vio Acatauass\u00fa, presidente da AMPORT, que destacou a relev\u00e2ncia do projeto tanto para o transporte de cargas quanto para as comunidades ao longo do rio.<\/p>\n<p>Empresas j\u00e1 demonstram interesse em operar no corredor log\u00edstico, especialmente no transporte de gr\u00e3os como soja, durante o per\u00edodo de cheias entre janeiro e junho, mesmo sem interven\u00e7\u00f5es de dragagem e derrocamento. A expectativa \u00e9 de alta movimenta\u00e7\u00e3o de gran\u00e9is j\u00e1 no primeiro semestre. O projeto refor\u00e7a a posi\u00e7\u00e3o estrat\u00e9gica do Arco Norte, que atualmente tem capacidade instalada de 52 milh\u00f5es de toneladas e previs\u00e3o de alcan\u00e7ar 100 milh\u00f5es nos pr\u00f3ximos cinco anos, consolidando a efici\u00eancia e sustentabilidade dos portos amaz\u00f4nicos.<\/p>\n<p>Fonte: Portos e Navios<\/p>\n","protected":false},"excerpt":{"rendered":"<p>Os portos do Arco Norte ganhar\u00e3o um importante impulso a partir de 2025 com o in\u00edcio da navega\u00e7\u00e3o comercial e de passageiros no Rio Tocantins&#8230;.<\/p>\n","protected":false},"author":1527,"featured_media":56524,"comment_status":"closed","ping_status":"closed","sticky":false,"template":"","format":"standard","meta":{"footnotes":""},"categories":[6],"tags":[],"class_list":["post-56522","post","type-post","status-publish","format-standard","has-post-thumbnail","hentry","category-noticias"],"_links":{"self":[{"href":"https:\/\/www.sincomam.org.br\/index.php\/wp-json\/wp\/v2\/posts\/56522","targetHints":{"allow":["GET"]}}],"collection":[{"href":"https:\/\/www.sincomam.org.br\/index.php\/wp-json\/wp\/v2\/posts"}],"about":[{"href":"https:\/\/www.sincomam.org.br\/index.php\/wp-json\/wp\/v2\/types\/post"}],"author":[{"embeddable":true,"href":"https:\/\/www.sincomam.org.br\/index.php\/wp-json\/wp\/v2\/users\/1527"}],"replies":[{"embeddable":true,"href":"https:\/\/www.sincomam.org.br\/index.php\/wp-json\/wp\/v2\/comments?post=56522"}],"version-history":[{"count":1,"href":"https:\/\/www.sincomam.org.br\/index.php\/wp-json\/wp\/v2\/posts\/56522\/revisions"}],"predecessor-version":[{"id":56525,"href":"https:\/\/www.sincomam.org.br\/index.php\/wp-json\/wp\/v2\/posts\/56522\/revisions\/56525"}],"wp:featuredmedia":[{"embeddable":true,"href":"https:\/\/www.sincomam.org.br\/index.php\/wp-json\/wp\/v2\/media\/56524"}],"wp:attachment":[{"href":"https:\/\/www.sincomam.org.br\/index.php\/wp-json\/wp\/v2\/media?parent=56522"}],"wp:term":[{"taxonomy":"category","embeddable":true,"href":"https:\/\/www.sincomam.org.br\/index.php\/wp-json\/wp\/v2\/categories?post=56522"},{"taxonomy":"post_tag","embeddable":true,"href":"https:\/\/www.sincomam.org.br\/index.php\/wp-json\/wp\/v2\/tags?post=56522"}],"curies":[{"name":"wp","href":"https:\/\/api.w.org\/{rel}","templated":true}]}}