{"id":56518,"date":"2025-01-13T06:29:59","date_gmt":"2025-01-13T09:29:59","guid":{"rendered":"http:\/\/www.sincomam.org.br\/?p=56518"},"modified":"2025-01-12T23:40:31","modified_gmt":"2025-01-13T02:40:31","slug":"porto-do-rio-de-janeiro-celebra-a-democracia-com-a-criacao-da-avenida-portuaria-8-de-janeiro","status":"publish","type":"post","link":"https:\/\/www.sincomam.org.br\/index.php\/porto-do-rio-de-janeiro-celebra-a-democracia-com-a-criacao-da-avenida-portuaria-8-de-janeiro\/","title":{"rendered":"Porto do Rio de Janeiro celebra a democracia com a cria\u00e7\u00e3o da Avenida Portu\u00e1ria 8 de Janeiro"},"content":{"rendered":"<p>O Porto do Rio de Janeiro nomeou sua principal via de circula\u00e7\u00e3o como Avenida Portu\u00e1ria 8 de Janeiro, em defesa da democracia. A avenida percorre toda a extens\u00e3o do atracadouro, desde o terminal de cruzeiros at\u00e9 o \u00faltimo terminal de cont\u00eaineres. Segundo Francisco Martins, diretor-presidente da PortosRio, a a\u00e7\u00e3o celebra a resist\u00eancia do Estado Democr\u00e1tico de Direito ap\u00f3s a tentativa golpista de 2023, marcada pela invas\u00e3o das sedes dos tr\u00eas poderes em Bras\u00edlia. Ele destacou que o ambiente portu\u00e1rio reflete a diversidade social, reunindo trabalhadores, empres\u00e1rios e turistas em harmonia, um s\u00edmbolo da democracia plena.<\/p>\n<p>Fonte: PortosRio<\/p>\n","protected":false},"excerpt":{"rendered":"<p>O Porto do Rio de Janeiro nomeou sua principal via de circula\u00e7\u00e3o como Avenida Portu\u00e1ria 8 de Janeiro, em defesa da democracia. A avenida percorre&#8230;<\/p>\n","protected":false},"author":1527,"featured_media":56520,"comment_status":"closed","ping_status":"closed","sticky":false,"template":"","format":"standard","meta":{"footnotes":""},"categories":[6],"tags":[],"class_list":["post-56518","post","type-post","status-publish","format-standard","has-post-thumbnail","hentry","category-noticias"],"_links":{"self":[{"href":"https:\/\/www.sincomam.org.br\/index.php\/wp-json\/wp\/v2\/posts\/56518","targetHints":{"allow":["GET"]}}],"collection":[{"href":"https:\/\/www.sincomam.org.br\/index.php\/wp-json\/wp\/v2\/posts"}],"about":[{"href":"https:\/\/www.sincomam.org.br\/index.php\/wp-json\/wp\/v2\/types\/post"}],"author":[{"embeddable":true,"href":"https:\/\/www.sincomam.org.br\/index.php\/wp-json\/wp\/v2\/users\/1527"}],"replies":[{"embeddable":true,"href":"https:\/\/www.sincomam.org.br\/index.php\/wp-json\/wp\/v2\/comments?post=56518"}],"version-history":[{"count":2,"href":"https:\/\/www.sincomam.org.br\/index.php\/wp-json\/wp\/v2\/posts\/56518\/revisions"}],"predecessor-version":[{"id":56532,"href":"https:\/\/www.sincomam.org.br\/index.php\/wp-json\/wp\/v2\/posts\/56518\/revisions\/56532"}],"wp:featuredmedia":[{"embeddable":true,"href":"https:\/\/www.sincomam.org.br\/index.php\/wp-json\/wp\/v2\/media\/56520"}],"wp:attachment":[{"href":"https:\/\/www.sincomam.org.br\/index.php\/wp-json\/wp\/v2\/media?parent=56518"}],"wp:term":[{"taxonomy":"category","embeddable":true,"href":"https:\/\/www.sincomam.org.br\/index.php\/wp-json\/wp\/v2\/categories?post=56518"},{"taxonomy":"post_tag","embeddable":true,"href":"https:\/\/www.sincomam.org.br\/index.php\/wp-json\/wp\/v2\/tags?post=56518"}],"curies":[{"name":"wp","href":"https:\/\/api.w.org\/{rel}","templated":true}]}}