{"id":56487,"date":"2025-01-10T10:12:27","date_gmt":"2025-01-10T13:12:27","guid":{"rendered":"http:\/\/www.sincomam.org.br\/?p=56487"},"modified":"2025-01-10T10:12:27","modified_gmt":"2025-01-10T13:12:27","slug":"proposta-de-precificacao-de-emissoes-maritimas-e-apresentada-a-imo-por-47-paises-e-ics","status":"publish","type":"post","link":"https:\/\/www.sincomam.org.br\/index.php\/proposta-de-precificacao-de-emissoes-maritimas-e-apresentada-a-imo-por-47-paises-e-ics\/","title":{"rendered":"Proposta de precifica\u00e7\u00e3o de emiss\u00f5es mar\u00edtimas \u00e9 apresentada \u00e0 IMO por 47 pa\u00edses e ICS"},"content":{"rendered":"<p>Uma proposta conjunta liderada por 47 pa\u00edses, Estados de bandeira, a UE e a C\u00e2mara Internacional de Transporte Mar\u00edtimo (ICS) foi submetida \u00e0 Organiza\u00e7\u00e3o Mar\u00edtima Internacional (IMO), sugerindo um mecanismo de precifica\u00e7\u00e3o de emiss\u00f5es de gases de efeito estufa (GEE) para o transporte mar\u00edtimo. O texto prop\u00f5e emendas \u00e0 Conven\u00e7\u00e3o MARPOL, exigindo que empresas de transporte contribuam anualmente por tonelada de CO2 equivalente emitida para um Fundo de Implementa\u00e7\u00e3o da Estrat\u00e9gia de GEE da IMO.<\/p>\n<p>A receita seria destinada a promover combust\u00edveis mar\u00edtimos de baixa emiss\u00e3o e financiar esfor\u00e7os de redu\u00e7\u00e3o de GEE em pa\u00edses em desenvolvimento. A proposta \u00e9 apoiada por grandes na\u00e7\u00f5es mar\u00edtimas, Estados de bandeira como Panam\u00e1 e Bahamas, e por Pequenos Estados Insulares, al\u00e9m da Comiss\u00e3o Europeia e outros pa\u00edses africanos e caribenhos.<\/p>\n<p>O texto ser\u00e1 debatido no Grupo de Trabalho Intersessional da OMI em fevereiro e, se aprovado no MEPC 83 em abril, poder\u00e1 ser formalmente adotado ainda em 2024, com vig\u00eancia prevista para 2027 e coleta de taxas de GEE iniciando em 2028. O mecanismo busca alinhar o setor \u00e0 meta de emiss\u00f5es l\u00edquidas zero at\u00e9 2050.<\/p>\n<p>Fonte: Portos e Navios<\/p>\n","protected":false},"excerpt":{"rendered":"<p>Uma proposta conjunta liderada por 47 pa\u00edses, Estados de bandeira, a UE e a C\u00e2mara Internacional de Transporte Mar\u00edtimo (ICS) foi submetida \u00e0 Organiza\u00e7\u00e3o Mar\u00edtima&#8230;<\/p>\n","protected":false},"author":1527,"featured_media":56489,"comment_status":"closed","ping_status":"closed","sticky":false,"template":"","format":"standard","meta":{"footnotes":""},"categories":[6],"tags":[],"class_list":["post-56487","post","type-post","status-publish","format-standard","has-post-thumbnail","hentry","category-noticias"],"_links":{"self":[{"href":"https:\/\/www.sincomam.org.br\/index.php\/wp-json\/wp\/v2\/posts\/56487","targetHints":{"allow":["GET"]}}],"collection":[{"href":"https:\/\/www.sincomam.org.br\/index.php\/wp-json\/wp\/v2\/posts"}],"about":[{"href":"https:\/\/www.sincomam.org.br\/index.php\/wp-json\/wp\/v2\/types\/post"}],"author":[{"embeddable":true,"href":"https:\/\/www.sincomam.org.br\/index.php\/wp-json\/wp\/v2\/users\/1527"}],"replies":[{"embeddable":true,"href":"https:\/\/www.sincomam.org.br\/index.php\/wp-json\/wp\/v2\/comments?post=56487"}],"version-history":[{"count":1,"href":"https:\/\/www.sincomam.org.br\/index.php\/wp-json\/wp\/v2\/posts\/56487\/revisions"}],"predecessor-version":[{"id":56490,"href":"https:\/\/www.sincomam.org.br\/index.php\/wp-json\/wp\/v2\/posts\/56487\/revisions\/56490"}],"wp:featuredmedia":[{"embeddable":true,"href":"https:\/\/www.sincomam.org.br\/index.php\/wp-json\/wp\/v2\/media\/56489"}],"wp:attachment":[{"href":"https:\/\/www.sincomam.org.br\/index.php\/wp-json\/wp\/v2\/media?parent=56487"}],"wp:term":[{"taxonomy":"category","embeddable":true,"href":"https:\/\/www.sincomam.org.br\/index.php\/wp-json\/wp\/v2\/categories?post=56487"},{"taxonomy":"post_tag","embeddable":true,"href":"https:\/\/www.sincomam.org.br\/index.php\/wp-json\/wp\/v2\/tags?post=56487"}],"curies":[{"name":"wp","href":"https:\/\/api.w.org\/{rel}","templated":true}]}}