{"id":5645,"date":"2014-05-23T08:40:50","date_gmt":"2014-05-23T11:40:50","guid":{"rendered":"http:\/\/www.sincomam.org.br\/?p=5645"},"modified":"2014-05-22T23:04:42","modified_gmt":"2014-05-23T02:04:42","slug":"porto-ilha-de-areia-branca-registra-crescimento-nas-exportacoes-de-sal","status":"publish","type":"post","link":"https:\/\/www.sincomam.org.br\/index.php\/porto-ilha-de-areia-branca-registra-crescimento-nas-exportacoes-de-sal\/","title":{"rendered":"Porto Ilha de Areia Branca registra crescimento nas exporta\u00e7\u00f5es de sal"},"content":{"rendered":"<p><strong><em>M\u00eas de abriu teve alta de 183% no comparativo com o mesmo m\u00eas de 2013<\/em><\/strong><\/p>\n<p>O Porto-Ilha de Areia Branca, Terminal Salineiro registrou neste m\u00eas de abril um crescimento de 183% nas exporta\u00e7\u00f5es de sal no comparativo com o mesmo m\u00eas de 2013. Foram contabilizadas 51.950 toneladas em abril do ano passado, j\u00e1 no mesmo per\u00edodo desse ano foram computadas 147.100 toneladas de sal exportadas.<\/p>\n<p>At\u00e9 os meses de abril dos dois anos o volume de sal exportado sobe para 349.300 toneladas at\u00e9 abril de 2013, e 488.724 toneladas nos quatro primeiros deste ano, um acr\u00e9scimo de 40%.<\/p>\n<p>No m\u00eas de mar\u00e7o deste ano a Codern (Companhia Docas do Rio Grande do Norte) tamb\u00e9m contabilizou alta nas exporta\u00e7\u00f5es em compara\u00e7\u00e3o com o ano anterior. Enquanto em 2013 foram exportadas 85 mil toneladas, em 2014 foram 86.820. No acumulado at\u00e9 mar\u00e7o de 2013 foram exportadas 297.350 toneladas, j\u00e1 no acumulado at\u00e9 mar\u00e7o deste ano o n\u00famero subiu para 341.624 toneladas, o que se traduz em um crescimento de 15%.<\/p>\n<p>A previs\u00e3o da Codern para as exporta\u00e7\u00f5es do m\u00eas de maio \u00e9 de atingir 616.724 toneladas. O Terminal apresentou, at\u00e9 o dia 14 deste m\u00eas, um volume de embarques que atingiu 526.724 toneladas. At\u00e9 31 de maio a pretens\u00e3o \u00e9 que sejam embarcadas mais 90 mil toneladas.<\/p>\n<p>Fonte: Guia Mar\u00edtimo<\/p>\n","protected":false},"excerpt":{"rendered":"<p>M\u00eas de abriu teve alta de 183% no comparativo com o mesmo m\u00eas de 2013 O Porto-Ilha de Areia Branca, Terminal Salineiro registrou neste m\u00eas&#8230;<\/p>\n","protected":false},"author":1182,"featured_media":4945,"comment_status":"closed","ping_status":"closed","sticky":false,"template":"","format":"standard","meta":{"footnotes":""},"categories":[6],"tags":[1270,1271,80,1272,656],"class_list":["post-5645","post","type-post","status-publish","format-standard","has-post-thumbnail","hentry","category-noticias","tag-areia","tag-branca","tag-porto","tag-salineiro","tag-terminal"],"_links":{"self":[{"href":"https:\/\/www.sincomam.org.br\/index.php\/wp-json\/wp\/v2\/posts\/5645","targetHints":{"allow":["GET"]}}],"collection":[{"href":"https:\/\/www.sincomam.org.br\/index.php\/wp-json\/wp\/v2\/posts"}],"about":[{"href":"https:\/\/www.sincomam.org.br\/index.php\/wp-json\/wp\/v2\/types\/post"}],"author":[{"embeddable":true,"href":"https:\/\/www.sincomam.org.br\/index.php\/wp-json\/wp\/v2\/users\/1182"}],"replies":[{"embeddable":true,"href":"https:\/\/www.sincomam.org.br\/index.php\/wp-json\/wp\/v2\/comments?post=5645"}],"version-history":[{"count":1,"href":"https:\/\/www.sincomam.org.br\/index.php\/wp-json\/wp\/v2\/posts\/5645\/revisions"}],"predecessor-version":[{"id":5646,"href":"https:\/\/www.sincomam.org.br\/index.php\/wp-json\/wp\/v2\/posts\/5645\/revisions\/5646"}],"wp:featuredmedia":[{"embeddable":true,"href":"https:\/\/www.sincomam.org.br\/index.php\/wp-json\/wp\/v2\/media\/4945"}],"wp:attachment":[{"href":"https:\/\/www.sincomam.org.br\/index.php\/wp-json\/wp\/v2\/media?parent=5645"}],"wp:term":[{"taxonomy":"category","embeddable":true,"href":"https:\/\/www.sincomam.org.br\/index.php\/wp-json\/wp\/v2\/categories?post=5645"},{"taxonomy":"post_tag","embeddable":true,"href":"https:\/\/www.sincomam.org.br\/index.php\/wp-json\/wp\/v2\/tags?post=5645"}],"curies":[{"name":"wp","href":"https:\/\/api.w.org\/{rel}","templated":true}]}}