{"id":56417,"date":"2025-01-08T09:08:52","date_gmt":"2025-01-08T12:08:52","guid":{"rendered":"http:\/\/www.sincomam.org.br\/?p=56417"},"modified":"2025-01-08T09:08:52","modified_gmt":"2025-01-08T12:08:52","slug":"comandante-da-marinha-nega-critica-ao-governo-em-video-divulgado-no-dia-do-marinheiro","status":"publish","type":"post","link":"https:\/\/www.sincomam.org.br\/index.php\/comandante-da-marinha-nega-critica-ao-governo-em-video-divulgado-no-dia-do-marinheiro\/","title":{"rendered":"Comandante da Marinha nega cr\u00edtica ao governo em v\u00eddeo divulgado no Dia do Marinheiro"},"content":{"rendered":"<p>Em resposta \u00e0 repercuss\u00e3o negativa de um v\u00eddeo divulgado pela\u00a0Marinha do Brasil\u00a0no\u00a0Dia do Marinheiro, o\u00a0Comandante Marcos Olsen\u00a0esclareceu, ap\u00f3s reuni\u00e3o com o presidente\u00a0Luiz In\u00e1cio Lula da Silva\u00a0e o ministro da Defesa,\u00a0Jos\u00e9 M\u00facio Monteiro, que\u00a0n\u00e3o houve inten\u00e7\u00e3o de criticar o governo federal ou as propostas de reforma das aposentadorias militares. Olsen destacou que o conte\u00fado do v\u00eddeo foi voltado para o p\u00fablico interno e lamentou a interpreta\u00e7\u00e3o equivocada por parte de alguns setores.<\/p>\n<h3><strong>O contexto e a repercuss\u00e3o do v\u00eddeo divulgado pela Marinha<\/strong><\/h3>\n<p>No dia\u00a013 de dezembro, durante as celebra\u00e7\u00f5es do\u00a0Dia do Marinheiro, a\u00a0Marinha do Brasil\u00a0divulgou um v\u00eddeo que buscava valorizar a dedica\u00e7\u00e3o e os sacrif\u00edcios dos militares da ativa. O material, contudo, foi interpretado por setores do governo como uma cr\u00edtica indireta \u00e0s propostas de corte de gastos e mudan\u00e7as nas regras de aposentadoria para a categoria.<\/p>\n<p>Naquele momento, o\u00a0ministro da Fazenda, Fernando Haddad, estava em plena negocia\u00e7\u00e3o para incluir os ajustes previdenci\u00e1rios dos militares no pacote de cortes de despesas do governo federal. O\u00a0timing da divulga\u00e7\u00e3o\u00a0foi considerado inadequado pelo presidente\u00a0Luiz In\u00e1cio Lula da Silva, que viu no material um tom cr\u00edtico em um momento pol\u00edtico delicado.<\/p>\n<p>Apesar da pol\u00eamica gerada, o\u00a0Comandante Marcos Olsen\u00a0negou veementemente que o v\u00eddeo tivesse qualquer objetivo de confronto pol\u00edtico. Segundo ele, o conte\u00fado foi direcionado\u00a0exclusivamente ao p\u00fablico interno da Marinha, com o intuito de reconhecer os esfor\u00e7os di\u00e1rios dos militares e fortalecer o moral da tropa.<\/p>\n<h3><strong>Esclarecimentos do Comandante Marcos Olsen sobre o v\u00eddeo<\/strong><\/h3>\n<p>Durante a reuni\u00e3o com o presidente\u00a0Lula\u00a0e o ministro da Defesa,\u00a0Jos\u00e9 M\u00facio Monteiro, o\u00a0Almirante Marcos Olsen\u00a0refor\u00e7ou que a mensagem central do v\u00eddeo estava voltada para o p\u00fablico interno, especialmente para os militares da ativa, e n\u00e3o para causar qualquer tipo de atrito pol\u00edtico.<\/p>\n<p>Em sua declara\u00e7\u00e3o, Olsen reconheceu que o\u00a0timing da divulga\u00e7\u00e3o foi inoportuno, especialmente por ter ocorrido pr\u00f3ximo a um almo\u00e7o com autoridades do governo federal que discutia quest\u00f5es sens\u00edveis sobre cortes or\u00e7ament\u00e1rios. No entanto, ele reiterou que\u00a0n\u00e3o houve qualquer deslealdade ou inten\u00e7\u00e3o de questionar a lideran\u00e7a do presidente Lula, comandante supremo das For\u00e7as Armadas.<\/p>\n<p><em>\u201cLamento que tenha tomado essa interpreta\u00e7\u00e3o, por alguns. A Marinha \u00e9 motivada basicamente por demonstra\u00e7\u00f5es de gratid\u00e3o, e considero justo manifestar reconhecimento por uma rotina de sacrif\u00edcios\u201d<\/em>, afirmou Olsen.<\/p>\n<p>O comandante tamb\u00e9m considerou que o assunto est\u00e1\u00a0encerrado, confiando que as explica\u00e7\u00f5es prestadas foram suficientes para dissipar qualquer mal-entendido.<\/p>\n<h3><strong>Reformas e impacto na carreira militar<\/strong><\/h3>\n<p>O pano de fundo da pol\u00eamica est\u00e1 diretamente ligado ao projeto de lei que prop\u00f5e\u00a0mudan\u00e7as nas regras de aposentadoria dos militares, tema que tem sido amplamente discutido no Congresso Nacional.<\/p>\n<p>Entre as principais altera\u00e7\u00f5es sugeridas est\u00e3o:<\/p>\n<ul>\n<li>Idade m\u00ednima de 55 anos\u00a0para a passagem para a reserva remunerada;<\/li>\n<li>Tempo m\u00ednimo de servi\u00e7o de 35 anos;<\/li>\n<li>Um\u00a0per\u00edodo de transi\u00e7\u00e3o de sete anos\u00a0para adequa\u00e7\u00e3o \u00e0s novas regras.<\/li>\n<\/ul>\n<p>O comandante Olsen, embora n\u00e3o tenha se manifestado diretamente sobre o projeto, ressaltou que \u00e9 fundamental garantir\u00a0\u201cinstrumentos compensat\u00f3rios que assegurem a atratividade adequada \u00e0 carreira militar\u201d.<\/p>\n<p>A preocupa\u00e7\u00e3o central do comando militar \u00e9 que as mudan\u00e7as nas regras de aposentadoria n\u00e3o prejudiquem a capacidade de recrutamento e reten\u00e7\u00e3o de profissionais qualificados para as For\u00e7as Armadas, mantendo assim o n\u00edvel de excel\u00eancia e comprometimento exigido pelas atividades militares.<\/p>\n<h3><strong>Encerramento da controv\u00e9rsia<\/strong><\/h3>\n<p>Com as explica\u00e7\u00f5es prestadas pelo\u00a0Comandante Olsen\u00a0e o di\u00e1logo direto com o presidente\u00a0Lula\u00a0e o ministro\u00a0Jos\u00e9 M\u00facio Monteiro, o epis\u00f3dio parece ter chegado a uma conclus\u00e3o satisfat\u00f3ria para ambas as partes. A Marinha segue comprometida com suas responsabilidades institucionais e com a manuten\u00e7\u00e3o de uma rela\u00e7\u00e3o transparente e leal com o governo federal.<\/p>\n<p>O caso tamb\u00e9m refor\u00e7a a import\u00e2ncia do di\u00e1logo aberto e da coopera\u00e7\u00e3o entre as For\u00e7as Armadas e o poder civil, especialmente em momentos de desafios e reformas estruturais.<\/p>\n<p>Fonte: Defesa em Foco<\/p>\n","protected":false},"excerpt":{"rendered":"<p>Em resposta \u00e0 repercuss\u00e3o negativa de um v\u00eddeo divulgado pela\u00a0Marinha do Brasil\u00a0no\u00a0Dia do Marinheiro, o\u00a0Comandante Marcos Olsen\u00a0esclareceu, ap\u00f3s reuni\u00e3o com o presidente\u00a0Luiz In\u00e1cio Lula da&#8230;<\/p>\n","protected":false},"author":1527,"featured_media":56419,"comment_status":"closed","ping_status":"closed","sticky":false,"template":"","format":"standard","meta":{"footnotes":""},"categories":[6],"tags":[],"class_list":["post-56417","post","type-post","status-publish","format-standard","has-post-thumbnail","hentry","category-noticias"],"_links":{"self":[{"href":"https:\/\/www.sincomam.org.br\/index.php\/wp-json\/wp\/v2\/posts\/56417","targetHints":{"allow":["GET"]}}],"collection":[{"href":"https:\/\/www.sincomam.org.br\/index.php\/wp-json\/wp\/v2\/posts"}],"about":[{"href":"https:\/\/www.sincomam.org.br\/index.php\/wp-json\/wp\/v2\/types\/post"}],"author":[{"embeddable":true,"href":"https:\/\/www.sincomam.org.br\/index.php\/wp-json\/wp\/v2\/users\/1527"}],"replies":[{"embeddable":true,"href":"https:\/\/www.sincomam.org.br\/index.php\/wp-json\/wp\/v2\/comments?post=56417"}],"version-history":[{"count":1,"href":"https:\/\/www.sincomam.org.br\/index.php\/wp-json\/wp\/v2\/posts\/56417\/revisions"}],"predecessor-version":[{"id":56420,"href":"https:\/\/www.sincomam.org.br\/index.php\/wp-json\/wp\/v2\/posts\/56417\/revisions\/56420"}],"wp:featuredmedia":[{"embeddable":true,"href":"https:\/\/www.sincomam.org.br\/index.php\/wp-json\/wp\/v2\/media\/56419"}],"wp:attachment":[{"href":"https:\/\/www.sincomam.org.br\/index.php\/wp-json\/wp\/v2\/media?parent=56417"}],"wp:term":[{"taxonomy":"category","embeddable":true,"href":"https:\/\/www.sincomam.org.br\/index.php\/wp-json\/wp\/v2\/categories?post=56417"},{"taxonomy":"post_tag","embeddable":true,"href":"https:\/\/www.sincomam.org.br\/index.php\/wp-json\/wp\/v2\/tags?post=56417"}],"curies":[{"name":"wp","href":"https:\/\/api.w.org\/{rel}","templated":true}]}}