{"id":5638,"date":"2014-05-23T08:20:28","date_gmt":"2014-05-23T11:20:28","guid":{"rendered":"http:\/\/www.sincomam.org.br\/?p=5638"},"modified":"2014-05-22T22:48:47","modified_gmt":"2014-05-23T01:48:47","slug":"greve-em-porto-australiano-pode-derrubar-exportacoes-do-pais-diz-bhp","status":"publish","type":"post","link":"https:\/\/www.sincomam.org.br\/index.php\/greve-em-porto-australiano-pode-derrubar-exportacoes-do-pais-diz-bhp\/","title":{"rendered":"Greve em porto australiano pode derrubar exporta\u00e7\u00f5es do pa\u00eds, diz BHP"},"content":{"rendered":"<p>O presidente da divis\u00e3o de min\u00e9rio de ferro da BHP Billiton, Jimmy Wilson, criticou nesta quarta-feira a poss\u00edvel greve planejada por trabalhadores de Port Hedland, complexo portu\u00e1rio localizado no oeste da Austr\u00e1lia. Para o executivo, uma paralisa\u00e7\u00e3o traria graves consequ\u00eancias \u00e0 balan\u00e7a comercial do pa\u00eds.<\/p>\n<p>\u201cOs embarques ser\u00e3o canceladas e quem vende ao exterior como n\u00f3s teria custos adicionais de cerca de 100 milh\u00f5es de d\u00f3lares australianos [US$ 92,6 milh\u00f5es] por m\u00eas\u201d, reclamou. \u201cPor consequ\u00eancia, o governo perderia milh\u00f5es em tributos e royalties relacionados \u00e0 explora\u00e7\u00e3o.\u201d<\/p>\n<p>O Sindicato do Setor Mar\u00edtimo da Austr\u00e1lia (MUA, na sigla em ingl\u00eas) planeja tomar a\u00e7\u00f5es para reivindicar melhores condi\u00e7\u00f5es de trabalho no porto. A perspectiva de arrefecimento da oferta global de min\u00e9rio de ferro australiano \u2014 um dos maiores volumes do mundo \u2014 levantou a cota\u00e7\u00e3o da commodity no mercado internacional.<\/p>\n<p>Os funcion\u00e1rios locais exigem reajuste salarial de 10% e b\u00f4nus adicional baseado na produtividade de cada ano. \u201cA MUA pede um aumento salarial inaceit\u00e1vel quando seus membros j\u00e1 est\u00e3o entre os mais bem pagos do setor em todo o pa\u00eds. As demandas n\u00e3o s\u00e3o razo\u00e1veis\u201d, afirmou Wilson.<\/p>\n<p>Para o executivo, se o porto de fato ficar ocioso, a reputa\u00e7\u00e3o internacional da Austr\u00e1lia seria arranhada. O diretor declarou tamb\u00e9m que \u00e9 de melhor interesse do pa\u00eds que n\u00e3o haja a greve planejada.<\/p>\n<p>Fonte: Valor Econ\u00f4mico\/Renato Rost\u00e1s<\/p>\n","protected":false},"excerpt":{"rendered":"<p>O presidente da divis\u00e3o de min\u00e9rio de ferro da BHP Billiton, Jimmy Wilson, criticou nesta quarta-feira a poss\u00edvel greve planejada por trabalhadores de Port Hedland,&#8230;<\/p>\n","protected":false},"author":1182,"featured_media":5639,"comment_status":"closed","ping_status":"closed","sticky":false,"template":"","format":"standard","meta":{"footnotes":""},"categories":[6],"tags":[1266,244,80],"class_list":["post-5638","post","type-post","status-publish","format-standard","has-post-thumbnail","hentry","category-noticias","tag-australiano","tag-greve","tag-porto"],"_links":{"self":[{"href":"https:\/\/www.sincomam.org.br\/index.php\/wp-json\/wp\/v2\/posts\/5638","targetHints":{"allow":["GET"]}}],"collection":[{"href":"https:\/\/www.sincomam.org.br\/index.php\/wp-json\/wp\/v2\/posts"}],"about":[{"href":"https:\/\/www.sincomam.org.br\/index.php\/wp-json\/wp\/v2\/types\/post"}],"author":[{"embeddable":true,"href":"https:\/\/www.sincomam.org.br\/index.php\/wp-json\/wp\/v2\/users\/1182"}],"replies":[{"embeddable":true,"href":"https:\/\/www.sincomam.org.br\/index.php\/wp-json\/wp\/v2\/comments?post=5638"}],"version-history":[{"count":1,"href":"https:\/\/www.sincomam.org.br\/index.php\/wp-json\/wp\/v2\/posts\/5638\/revisions"}],"predecessor-version":[{"id":5640,"href":"https:\/\/www.sincomam.org.br\/index.php\/wp-json\/wp\/v2\/posts\/5638\/revisions\/5640"}],"wp:featuredmedia":[{"embeddable":true,"href":"https:\/\/www.sincomam.org.br\/index.php\/wp-json\/wp\/v2\/media\/5639"}],"wp:attachment":[{"href":"https:\/\/www.sincomam.org.br\/index.php\/wp-json\/wp\/v2\/media?parent=5638"}],"wp:term":[{"taxonomy":"category","embeddable":true,"href":"https:\/\/www.sincomam.org.br\/index.php\/wp-json\/wp\/v2\/categories?post=5638"},{"taxonomy":"post_tag","embeddable":true,"href":"https:\/\/www.sincomam.org.br\/index.php\/wp-json\/wp\/v2\/tags?post=5638"}],"curies":[{"name":"wp","href":"https:\/\/api.w.org\/{rel}","templated":true}]}}