{"id":5635,"date":"2014-05-23T08:18:32","date_gmt":"2014-05-23T11:18:32","guid":{"rendered":"http:\/\/www.sincomam.org.br\/?p=5635"},"modified":"2014-05-22T22:44:14","modified_gmt":"2014-05-23T01:44:14","slug":"governo-inaugura-nesta-sexta-feira-o-novo-terminal-hidroviario-de-belem","status":"publish","type":"post","link":"https:\/\/www.sincomam.org.br\/index.php\/governo-inaugura-nesta-sexta-feira-o-novo-terminal-hidroviario-de-belem\/","title":{"rendered":"Governo inaugura nesta sexta-feira o novo Terminal Hidrovi\u00e1rio de Bel\u00e9m"},"content":{"rendered":"<p>Ser\u00e1 inaugurado nesta sexta-feira (23) o novo Terminal Hidrovi\u00e1rio do Porto de Bel\u00e9m \u201cLuiz Rebelo Neto\u201d. Instalado no galp\u00e3o 9 da Companhia Docas do Par\u00e1 (CDP), o terminal dar\u00e1 um incremento ao principal modal hidrovi\u00e1rio de entrada e sa\u00edda da capital paraense, beneficiando, sobretudo, a popula\u00e7\u00e3o mais simples, que tem o transporte hidrovi\u00e1rio como principal meio de locomo\u00e7\u00e3o. A expectativa \u00e9 que a nova estrutura, constru\u00edda pelo Governo do Par\u00e1 com recursos que ultrapassam os R$ 19 milh\u00f5es, atenda cerca de 60 mil pessoas por m\u00eas.<\/p>\n<p>Avaliado pela Ag\u00eancia Nacional de Transportes Aquavi\u00e1rios (Antaq) como um dos terminais hidrovi\u00e1rios mais modernos do Brasil, o empreendimento ocupa uma \u00e1rea constru\u00edda total de 4,8 mil metros quadrados, divida em dois pavimentos. No t\u00e9rreo funcionar\u00e1 o terminal propriamente dito, com os guich\u00eas de passagem, salas de embarque e desembarque, lojas de conveni\u00eancia, farm\u00e1cias, pra\u00e7a de alimenta\u00e7\u00e3o, duas lanchonetes e dois flutuantes com rampas articuladas \u2013 um para o embarque e outro para o desembarque de passageiros \u2013, al\u00e9m de pol\u00edcia tur\u00edstica e posto do centro de atendimento ao turista.<\/p>\n<p>No pavimento superior estar\u00e3o instalados os \u00f3rg\u00e3os envolvidos com a regulamenta\u00e7\u00e3o e fiscaliza\u00e7\u00e3o do transporte naval, entre eles as ag\u00eancias Nacional de Vigil\u00e2ncia Sanit\u00e1ria (Anvisa) e de Regula\u00e7\u00e3o e Controle de Servi\u00e7os P\u00fablicos do Par\u00e1 (Arcon), o Instituto Brasileiro do Meio Ambiente e dos Recursos Naturais Renov\u00e1veis (Ibama), os Minist\u00e9rios do Trabalho e da Agricultura, Receita Federal e Pol\u00edcia Federal, com cela de cust\u00f3dia e sala de armas, al\u00e9m de postos do Pro Paz e do Juizado de Menores. O terminal tem ainda um estacionamento para 90 ve\u00edculos, em um terreno localizado em frente, com acesso pela Avenida Rui Barbosa.<\/p>\n<p><strong>Sistema de embarque e desembarque<\/strong><\/p>\n<p>Em ambiente totalmente refrigerado, os passageiros ter\u00e3o \u00e0 disposi\u00e7\u00e3o um moderno sistema de embarque e desembarque, nos moldes dos aeroportos. \u201cOs passageiros que v\u00e3o usar o terminal hidrovi\u00e1rio estar\u00e3o em uma condi\u00e7\u00e3o igual aos que usam os modais a\u00e9reos, com todo um suporte e uma gama de servi\u00e7os e de seguran\u00e7a \u00e0 disposi\u00e7\u00e3o, de forma com que o antes e o depois da viagem sejam, acima de tudo, seguros, tranquilos e aconchegantes\u201d, diz o presidente da Companhia de Portos e Hidrovias do Par\u00e1 (CPH), Abra\u00e3o Benassuly.<\/p>\n<p><strong>Funcionamento<\/strong><\/p>\n<p>A dois dias da inaugura\u00e7\u00e3o do terminal, os primeiros passageiros j\u00e1 come\u00e7am a ter o primeiro contato com o novo espa\u00e7o. As embarca\u00e7\u00f5es vindas do interior do Estado est\u00e3o ancorando nos dois flutuantes com rampas cobertas articuladas e passarela retr\u00e1til no embarque e desembarque.<\/p>\n<p>As \u00e1reas de embarque e desembarque de passageiros contam com os mais modernos equipamentos de seguran\u00e7a, com controle de raio-x e scanner para bagagens. O terminal tamb\u00e9m \u00e9 dotado de sistema de som e sistema de vigil\u00e2ncia com c\u00e2meras e telas que v\u00e3o anunciar os hor\u00e1rios de chegada e sa\u00edda de embarca\u00e7\u00f5es, al\u00e9m de contar com tecnologia de internet sem fio, com sinal wi-fi do Navegapar\u00e1.<\/p>\n<p><strong>Adequa\u00e7\u00f5es <\/strong><\/p>\n<p>Para atender todas as exig\u00eancias da Antaq, respons\u00e1vel pela regulamenta\u00e7\u00e3o dos modais hidrovi\u00e1rios, o projeto inicial do terminal precisou passar por alguns ajustes. Isso porque o projeto base, de autoria da Companhia Docas do Par\u00e1 (CDP) \u2013 que cedeu o galp\u00e3o ao Estado \u2013, n\u00e3o contemplava os requisitos da ag\u00eancia federal, sobretudo, quanto \u00e0 parte naval. Por isso, adicionalmente, foram constru\u00eddos dois flutuantes, rampas articuladas e coberturas retr\u00e1teis.<\/p>\n<p>Fonte: Ag\u00eancia Par\u00e1 de Not\u00edcias\/Bruna Campos\/Secretaria de Estado de Comunica\u00e7\u00e3o\/ Foto: Esta\u00e7\u00e3o das Docas do Par\u00e1<\/p>\n","protected":false},"excerpt":{"rendered":"<p>Ser\u00e1 inaugurado nesta sexta-feira (23) o novo Terminal Hidrovi\u00e1rio do Porto de Bel\u00e9m \u201cLuiz Rebelo Neto\u201d. Instalado no galp\u00e3o 9 da Companhia Docas do Par\u00e1&#8230;<\/p>\n","protected":false},"author":1182,"featured_media":5342,"comment_status":"closed","ping_status":"closed","sticky":false,"template":"","format":"standard","meta":{"footnotes":""},"categories":[6],"tags":[550,1265,80,656],"class_list":["post-5635","post","type-post","status-publish","format-standard","has-post-thumbnail","hentry","category-noticias","tag-belem","tag-hidroviario","tag-porto","tag-terminal"],"_links":{"self":[{"href":"https:\/\/www.sincomam.org.br\/index.php\/wp-json\/wp\/v2\/posts\/5635","targetHints":{"allow":["GET"]}}],"collection":[{"href":"https:\/\/www.sincomam.org.br\/index.php\/wp-json\/wp\/v2\/posts"}],"about":[{"href":"https:\/\/www.sincomam.org.br\/index.php\/wp-json\/wp\/v2\/types\/post"}],"author":[{"embeddable":true,"href":"https:\/\/www.sincomam.org.br\/index.php\/wp-json\/wp\/v2\/users\/1182"}],"replies":[{"embeddable":true,"href":"https:\/\/www.sincomam.org.br\/index.php\/wp-json\/wp\/v2\/comments?post=5635"}],"version-history":[{"count":2,"href":"https:\/\/www.sincomam.org.br\/index.php\/wp-json\/wp\/v2\/posts\/5635\/revisions"}],"predecessor-version":[{"id":5637,"href":"https:\/\/www.sincomam.org.br\/index.php\/wp-json\/wp\/v2\/posts\/5635\/revisions\/5637"}],"wp:featuredmedia":[{"embeddable":true,"href":"https:\/\/www.sincomam.org.br\/index.php\/wp-json\/wp\/v2\/media\/5342"}],"wp:attachment":[{"href":"https:\/\/www.sincomam.org.br\/index.php\/wp-json\/wp\/v2\/media?parent=5635"}],"wp:term":[{"taxonomy":"category","embeddable":true,"href":"https:\/\/www.sincomam.org.br\/index.php\/wp-json\/wp\/v2\/categories?post=5635"},{"taxonomy":"post_tag","embeddable":true,"href":"https:\/\/www.sincomam.org.br\/index.php\/wp-json\/wp\/v2\/tags?post=5635"}],"curies":[{"name":"wp","href":"https:\/\/api.w.org\/{rel}","templated":true}]}}