{"id":5631,"date":"2014-05-23T08:00:08","date_gmt":"2014-05-23T11:00:08","guid":{"rendered":"http:\/\/www.sincomam.org.br\/?p=5631"},"modified":"2014-05-22T22:17:30","modified_gmt":"2014-05-23T01:17:30","slug":"enem-passa-de-7-milhoes-de-candidatos-e-encerra-inscricoes-hoje","status":"publish","type":"post","link":"https:\/\/www.sincomam.org.br\/index.php\/enem-passa-de-7-milhoes-de-candidatos-e-encerra-inscricoes-hoje\/","title":{"rendered":"Enem passa de 7 milh\u00f5es de candidatos e encerra inscri\u00e7\u00f5es hoje"},"content":{"rendered":"<p><strong><em>Segundo o Inep, 1.085.438 das inscri\u00e7\u00f5es foram feitas em S\u00e3o Paulo<\/em><\/strong><\/p>\n<p>Mais de 7 milh\u00f5es de pessoas j\u00e1 fizeram a inscri\u00e7\u00e3o para a edi\u00e7\u00e3o de 2014 do Exame Nacional do Ensino M\u00e9dio (Enem). Segundo balan\u00e7o parcial divulgado pelo Instituto Nacional de Estudos e Pesquisas Educacionais (Inep), \u00e0s 16h20 desta quinta-feira (22) o sistema registrava 7.018.753 de candidatos. Os interessados em participar do exame t\u00eam at\u00e9 as 23h59 de sexta-feira (23) para se inscrever pelo site oficial do exame. O Enem ser\u00e1 realizado nos dias 8 e 9 de novembro.<\/p>\n<p>S\u00e3o Paulo \u00e9 o estado com o maior n\u00famero de inscritos no Enem 2014: at\u00e9 as 16h20 desta sexta, 1.085.438 inscri\u00e7\u00f5es tinham sido feitas por paulistas. As mulheres continuam sendo maioria: 4.115.318 delas j\u00e1 se inscreveram, contra 2.903.435 homens.<\/p>\n<p>A taxa de inscri\u00e7\u00e3o custa R$ 35 e o pagamento do boleto deve ser feito at\u00e9 o dia 28 de maio. Ficam isentos da cobran\u00e7a todos os alunos de escola p\u00fablica ou que comprovarem renda familiar mensal inferior a R$ 1.086.<\/p>\n<p>Com base no volume de visitantes no site, o Inep afirma\u00a0 que os melhores hor\u00e1rios para se inscrever na prova do MEC s\u00e3o at\u00e9 as 9h, entre as 14h e as 17h, e ap\u00f3s as 21h.<\/p>\n<p>O Enem dever\u00e1 ser usado pelas 115 universidades federais para o acesso a cursos de gradua\u00e7\u00e3o.<\/p>\n<p>Os candidatos podem tirar d\u00favidas sobre a inscri\u00e7\u00e3o em um passo a passo da inscri\u00e7\u00e3o no site enem.inep.gov.br.<\/p>\n<p>A expectativa \u00e9 que at\u00e9 8,2 milh\u00f5es de estudantes se inscrevam este ano \u2013em 2013, o n\u00famero total foi de 7,1 milh\u00f5es de candidatos, e mais de 5 milh\u00f5es fizeram os dois dias de prova.<\/p>\n<p>Assim como nos anos anteriores, o Enem ocorrer\u00e1 em dois dias seguidos. No s\u00e1bado, dia 8, os participantes far\u00e3o as provas de ci\u00eancias humanas e ci\u00eancias da natureza, entre as 13h e as 17h30 (hor\u00e1rio de Bras\u00edlia). No domingo, dia 9, ser\u00e3o aplicadas as provas de linguagens e c\u00f3digos, matem\u00e1tica e reda\u00e7\u00e3o. Nesse dia, o tempo de exame ser\u00e1 mais longo, entre as 13h e as 18h30 (hor\u00e1rio de Bras\u00edlia).<\/p>\n<p>Segundo o MEC, ser\u00e3o impressas 18,3 milh\u00f5es de provas (incluindo normal, ampliada, ledor e braile \u2013 estas tr\u00eas \u00faltimas, para quem tem diferentes graus de defici\u00eancia visual) em 1.699 munic\u00edpios do pa\u00eds. Este ano, 785 mil funcion\u00e1rios v\u00e3o ajudar na realiza\u00e7\u00e3o do Enem, entre coordenadores de locais de aplica\u00e7\u00e3o, assistentes de coordena\u00e7\u00e3o, chefes de sala, fiscais e apoio. Em todo o Brasil, haver\u00e1 16,6 mil locais de prova.<\/p>\n<p>Fonte: G1<\/p>\n","protected":false},"excerpt":{"rendered":"<p>Segundo o Inep, 1.085.438 das inscri\u00e7\u00f5es foram feitas em S\u00e3o Paulo Mais de 7 milh\u00f5es de pessoas j\u00e1 fizeram a inscri\u00e7\u00e3o para a edi\u00e7\u00e3o de&#8230;<\/p>\n","protected":false},"author":1182,"featured_media":3546,"comment_status":"closed","ping_status":"closed","sticky":false,"template":"","format":"standard","meta":{"footnotes":""},"categories":[6],"tags":[1261,1260,752,1262,472],"class_list":["post-5631","post","type-post","status-publish","format-standard","has-post-thumbnail","hentry","category-noticias","tag-candidatos","tag-enem","tag-inscricao","tag-sexta-feira","tag-termino"],"_links":{"self":[{"href":"https:\/\/www.sincomam.org.br\/index.php\/wp-json\/wp\/v2\/posts\/5631","targetHints":{"allow":["GET"]}}],"collection":[{"href":"https:\/\/www.sincomam.org.br\/index.php\/wp-json\/wp\/v2\/posts"}],"about":[{"href":"https:\/\/www.sincomam.org.br\/index.php\/wp-json\/wp\/v2\/types\/post"}],"author":[{"embeddable":true,"href":"https:\/\/www.sincomam.org.br\/index.php\/wp-json\/wp\/v2\/users\/1182"}],"replies":[{"embeddable":true,"href":"https:\/\/www.sincomam.org.br\/index.php\/wp-json\/wp\/v2\/comments?post=5631"}],"version-history":[{"count":1,"href":"https:\/\/www.sincomam.org.br\/index.php\/wp-json\/wp\/v2\/posts\/5631\/revisions"}],"predecessor-version":[{"id":5632,"href":"https:\/\/www.sincomam.org.br\/index.php\/wp-json\/wp\/v2\/posts\/5631\/revisions\/5632"}],"wp:featuredmedia":[{"embeddable":true,"href":"https:\/\/www.sincomam.org.br\/index.php\/wp-json\/wp\/v2\/media\/3546"}],"wp:attachment":[{"href":"https:\/\/www.sincomam.org.br\/index.php\/wp-json\/wp\/v2\/media?parent=5631"}],"wp:term":[{"taxonomy":"category","embeddable":true,"href":"https:\/\/www.sincomam.org.br\/index.php\/wp-json\/wp\/v2\/categories?post=5631"},{"taxonomy":"post_tag","embeddable":true,"href":"https:\/\/www.sincomam.org.br\/index.php\/wp-json\/wp\/v2\/tags?post=5631"}],"curies":[{"name":"wp","href":"https:\/\/api.w.org\/{rel}","templated":true}]}}