{"id":56297,"date":"2025-01-03T06:00:15","date_gmt":"2025-01-03T09:00:15","guid":{"rendered":"http:\/\/www.sincomam.org.br\/?p=56297"},"modified":"2024-12-31T14:04:11","modified_gmt":"2024-12-31T17:04:11","slug":"economia-ano-fecha-com-alta-do-pib-emprego-recorde-e-juros-altos","status":"publish","type":"post","link":"https:\/\/www.sincomam.org.br\/index.php\/economia-ano-fecha-com-alta-do-pib-emprego-recorde-e-juros-altos\/","title":{"rendered":"Economia: ano fecha com alta do PIB, emprego recorde e juros altos"},"content":{"rendered":"<p>O ano de 2024 se aproxima do fim com resultados que mostram indicadores positivos no campo econ\u00f4mico, mas ao mesmo tempo, n\u00fameros que trazem certo grau de preocupa\u00e7\u00e3o para a economia brasileira. Nesta segunda-feira (30), \u00faltimo dia \u00fatil do ano para bancos e bolsa de valores, a\u00a0Ag\u00eancia Brasil\u00a0fez um compilado de alguns dados que j\u00e1 foram divulgados.<img decoding=\"async\" src=\"https:\/\/agenciabrasil.ebc.com.br\/ebc.png?id=1625396&amp;o=node\" \/><img decoding=\"async\" src=\"https:\/\/agenciabrasil.ebc.com.br\/ebc.gif?id=1625396&amp;o=node\" \/><\/p>\n<p>Alguns indicadores, como o comportamento do Produto Interno Bruto (PIB, conjunto de bens e servi\u00e7os produzidos no pa\u00eds), s\u00e3o referentes ao terceiro trimestre de 2024. Outros, como os relativos ao emprego, alcan\u00e7am per\u00edodo mais recente, como novembro.<\/p>\n<h2>Emprego<\/h2>\n<p>A taxa de desocupa\u00e7\u00e3o, mais conhecida como desemprego, fechou o trimestre encerrado em\u00a0novembro em 6,1%. Esse \u00e9 o menor \u00edndice da s\u00e9rie hist\u00f3rica da Pesquisa Nacional por Amostra de Domic\u00edlios (Pnad) Cont\u00ednua, iniciada em 2012 pelo Instituto Brasileiro de Geografia e Estat\u00edstica (IBGE).<\/p>\n<p>Isso representa 6,8 milh\u00f5es de pessoas em busca de emprego no pa\u00eds. J\u00e1 o n\u00famero de pessoas ocupadas atingiu o recorde de 103,9 milh\u00f5es.<\/p>\n<p>No mesmo trimestre\u00a0de 2023, a taxa de desocupa\u00e7\u00e3o era de 7,5%. Em dezembro de 2023\u00a0o \u00edndice fechou em 7,8%.<\/p>\n<p>Esse comportamento do mercado de trabalho possibilitou tamb\u00e9m que o n\u00famero de pessoas com carteira assinada atingisse o ponto mais alto da s\u00e9rie, 39,1 milh\u00f5es entre agosto e novembro de 2024.<\/p>\n<p>Ainda de acordo com o IBGE, a taxa de informalidade foi\u00a038,7% da popula\u00e7\u00e3o ocupada &#8211; ou 40,3 milh\u00f5es de trabalhadores informais. No mesmo per\u00edodo do ano passado, a marca era de 39,2 % (ou 39,4 milh\u00f5es). Informais s\u00e3o empregados sem carteira assinada ou pessoas que trabalham\u00a0por conta pr\u00f3pria, mas que n\u00e3o s\u00e3o cobertos pela previd\u00eancia social.<\/p>\n<p>A pesquisa traz ainda dados sobre a renda do trabalhador. Em novembro, o rendimento m\u00e9dio ficou em R$ 3.285, crescimento de 3,4% ante o mesmo per\u00edodo de 2023. A massa de rendimento \u2013 somat\u00f3rio do que \u00e9 recebido pelo conjunto de trabalhadores &#8211; foi recorde, R$ 332,7 bilh\u00f5es, com alta de 7,2% em um ano.<\/p>\n<p>Outro dado muito acompanhado por economistas para avaliar o mercado de trabalho \u00e9 o Cadastro Geral de Empregados e Desempregados (Caged), compilado pelo Minist\u00e9rio do Trabalho e Emprego e que leva em considera\u00e7\u00e3o apenas o emprego formal, ou seja, com carteira assinada.<\/p>\n<p>De\u00a0janeiro a novembro, o Brasil apresentava um saldo positivo de 2,2 milh\u00f5es de empregos formais. No mesmo per\u00edodo de 2023, o saldo era de 1,9 milh\u00e3o.<\/p>\n<h2>PIB<\/h2>\n<p>O conjunto de indicadores econ\u00f4micos direcionam o comportamento da economia brasileira, que \u00e9 medida pelo PIB, calculado pelo IBGE.<\/p>\n<p>O dado mais recente \u00e9 o do\u00a0terceiro trimestre: a economia cresceu 0,9% na passagem do segundo para o terceiro trimestre, empurrada pela ind\u00fastria e pelo setor de servi\u00e7os, na 13\u00aa expans\u00e3o consecutiva. A agropecu\u00e1ria foi o \u00fanico setor que registrou queda.<\/p>\n<p>Em rela\u00e7\u00e3o ao terceiro trimestre de 2023, o PIB apresentou alta de 4%. No acumulado de quatro trimestres, o crescimento da economia do pa\u00eds soma 3,1%.<\/p>\n<p>O desempenho brasileiro foi\u00a0destaque entre o G20\u00a0(grupo que re\u00fane as 19 maiores economias do mundo mais as uni\u00f5es Europeia e Africana), mas trouxe preocupa\u00e7\u00f5es em rela\u00e7\u00e3o aos n\u00edveis de investimento.<\/p>\n<p>O resultado do PIB fechado de 2024 ser\u00e1 conhecido em mar\u00e7o de 2025.<\/p>\n<h2>Infla\u00e7\u00e3o<\/h2>\n<p>Outro indicador econ\u00f4mico que afeta diretamente o bolso do brasileiro \u00e9 a infla\u00e7\u00e3o. O \u00cdndice Nacional de Pre\u00e7os ao Consumidor Amplo (IPCA), chamado tamb\u00e9m de infla\u00e7\u00e3o oficial, acumula nos 12 meses at\u00e9 novembro 4,87%, ficando\u00a0acima da meta do governo, 3% com toler\u00e2ncia de 1,5 ponto percentual (p.p.) para mais ou para menos.<\/p>\n<p>\u00c9 tamb\u00e9m o maior acumulado desde setembro de 2023. De janeiro a\u00a0novembro, o IPCA sobe 4,29%.<\/p>\n<p>O IPCA-15, que \u00e9 uma pr\u00e9via do \u00edndice oficial,\u00a0fechou 2024 em 4,71%.<\/p>\n<p>O IBGE divulgou tamb\u00e9m que o \u00cdndice Nacional de Pre\u00e7os ao Consumidor (INPC) somou at\u00e9 novembro 4,84%. O\u00a0INPC apura a varia\u00e7\u00e3o do custo de vida para as fam\u00edlias com renda de at\u00e9 cinco sal\u00e1rios m\u00ednimos. J\u00e1 o IPCA, at\u00e9 40 sal\u00e1rios m\u00ednimos.<\/p>\n<p>O INPC de 12 meses acumulado at\u00e9 novembro serve como indexador para calcular o valor do sal\u00e1rio m\u00ednimo, o que deve\u00a0levar o valor para R$ 1.518.<\/p>\n<p>Outro \u00edndice de infla\u00e7\u00e3o bastante acompanhado por economistas e inquilinos \u00e9 o \u00cdndice Geral de Pre\u00e7os \u2013 Mercado (IGP-M). Apurado pela Funda\u00e7\u00e3o Getulio Vargas (FGV), o indicador \u00e9 comumente chamado de \u201cinfla\u00e7\u00e3o do aluguel\u201d, pois costuma corrigir anualmente os contratos de moradia.<\/p>\n<p>O IGP-M encerrou 2024 em 6,54%, cen\u00e1rio bem diferente de 2023, quando houve defla\u00e7\u00e3o, ou seja, ficou negativo em 3,18%.<\/p>\n<h2>Juros<\/h2>\n<p>O Brasil adota o regime de meta de infla\u00e7\u00e3o, definida pelo Conselho Monet\u00e1rio Nacional (CMN), composto pelos ministros da Fazenda, do Planejamento e presidente do Banco Central (BC). A persegui\u00e7\u00e3o da meta \u00e9 conduzida pelo Comit\u00ea de Pol\u00edtica Monet\u00e1ria (Copom) do BC.<\/p>\n<p>A alta do IPCA em 2024 e a perspectiva para os anos seguintes fizeram com que o Copom subisse a taxa b\u00e1sica de juros, a Selic, que termina o ano em\u00a012,25% ao ano. Altas do d\u00f3lar e do pre\u00e7o dos alimentos influenciaram a decis\u00e3o do comit\u00ea.<\/p>\n<p>A Selic \u00e9 um instrumento do Banco Central para controlar a infla\u00e7\u00e3o. Taxa alta faz com que empr\u00e9stimos fiquem mais caros \u2013 seja para pessoa f\u00edsica ou empresas &#8211; e \u00e9 sin\u00f4nimo de freio na atividade econ\u00f4mica, o que tem potencial de conter aumento de pre\u00e7os, mas, por outro lado, desestimula investimentos e a cria\u00e7\u00e3o de emprego e renda.<\/p>\n<p>Em janeiro, a Selic estava em 11,25%. Houve trajet\u00f3ria de queda at\u00e9 encostar nos 10,50% em maio. Mas o instrumento monet\u00e1rio sofreu uma inflex\u00e3o e voltou a subir em setembro, apontando trajet\u00f3ria de eleva\u00e7\u00e3o.<\/p>\n<h2>D\u00f3lar<\/h2>\n<p>O ano de 2024 marca tamb\u00e9m a desvaloriza\u00e7\u00e3o do real ante o d\u00f3lar. Em 2023, a moeda estrangeira fechou cotada a R$ 4,85. Ao longo dos 12 meses que se encerram nesta segunda-feira, o d\u00f3lar foi ganhando for\u00e7a e se aproxima de uma valoriza\u00e7\u00e3o de 27%, terminando o ano negociado a R$ 6,18.<\/p>\n<p>Entre os efeitos mais diretos da alta da moeda norte-americana, h\u00e1 press\u00e3o inflacion\u00e1ria, pois produtos importados \u2013 sejam finais ou mat\u00e9rias-primas \u2013 ficam mais caros no Brasil. Por outro lado, exportadores aumentam ganhos, j\u00e1 que as receitas obtidas em d\u00f3lar nas vendas para outros pa\u00edses passam a valer mais ap\u00f3s a convers\u00e3o para o real.<\/p>\n<p>Para tentar conter a alta da moeda estrangeira, o BC fez\u00a0leil\u00f5es de d\u00f3lar, como forma de saciar o apetite de agentes do mercado financeiro e diminuir a press\u00e3o sobre o real.<\/p>\n<p>O ministro da Fazenda, Fernando Haddad, reiterou que o Brasil adota o c\u00e2mbio flutuante, ou seja, n\u00e3o h\u00e1 interven\u00e7\u00e3o para manter a moeda em um valor fixo, mas reconheceu a\u00a0necessidade de atua\u00e7\u00f5es pontuais do BC\u00a0em momentos de muita volatilidade.<\/p>\n<p>O comportamento da moeda norte-americana \u00e9 atribu\u00eddo a uma s\u00e9rie de fatores dentro do pa\u00eds \u2013 como a preocupa\u00e7\u00e3o com o n\u00edvel de gastos do governo \u2013 e fora &#8211; como o resultado das elei\u00e7\u00f5es americanas e o patamar de juros nos Estados Unidos.<\/p>\n<p>Fonte: Ag\u00eancia Brasil<\/p>\n","protected":false},"excerpt":{"rendered":"<p>O ano de 2024 se aproxima do fim com resultados que mostram indicadores positivos no campo econ\u00f4mico, mas ao mesmo tempo, n\u00fameros que trazem certo&#8230;<\/p>\n","protected":false},"author":1527,"featured_media":56299,"comment_status":"closed","ping_status":"closed","sticky":false,"template":"","format":"standard","meta":{"footnotes":""},"categories":[6],"tags":[],"class_list":["post-56297","post","type-post","status-publish","format-standard","has-post-thumbnail","hentry","category-noticias"],"_links":{"self":[{"href":"https:\/\/www.sincomam.org.br\/index.php\/wp-json\/wp\/v2\/posts\/56297","targetHints":{"allow":["GET"]}}],"collection":[{"href":"https:\/\/www.sincomam.org.br\/index.php\/wp-json\/wp\/v2\/posts"}],"about":[{"href":"https:\/\/www.sincomam.org.br\/index.php\/wp-json\/wp\/v2\/types\/post"}],"author":[{"embeddable":true,"href":"https:\/\/www.sincomam.org.br\/index.php\/wp-json\/wp\/v2\/users\/1527"}],"replies":[{"embeddable":true,"href":"https:\/\/www.sincomam.org.br\/index.php\/wp-json\/wp\/v2\/comments?post=56297"}],"version-history":[{"count":1,"href":"https:\/\/www.sincomam.org.br\/index.php\/wp-json\/wp\/v2\/posts\/56297\/revisions"}],"predecessor-version":[{"id":56300,"href":"https:\/\/www.sincomam.org.br\/index.php\/wp-json\/wp\/v2\/posts\/56297\/revisions\/56300"}],"wp:featuredmedia":[{"embeddable":true,"href":"https:\/\/www.sincomam.org.br\/index.php\/wp-json\/wp\/v2\/media\/56299"}],"wp:attachment":[{"href":"https:\/\/www.sincomam.org.br\/index.php\/wp-json\/wp\/v2\/media?parent=56297"}],"wp:term":[{"taxonomy":"category","embeddable":true,"href":"https:\/\/www.sincomam.org.br\/index.php\/wp-json\/wp\/v2\/categories?post=56297"},{"taxonomy":"post_tag","embeddable":true,"href":"https:\/\/www.sincomam.org.br\/index.php\/wp-json\/wp\/v2\/tags?post=56297"}],"curies":[{"name":"wp","href":"https:\/\/api.w.org\/{rel}","templated":true}]}}