{"id":5626,"date":"2014-05-22T08:43:07","date_gmt":"2014-05-22T11:43:07","guid":{"rendered":"http:\/\/www.sincomam.org.br\/?p=5626"},"modified":"2014-05-22T00:00:45","modified_gmt":"2014-05-22T03:00:45","slug":"alunos-da-escola-naval-sao-levados-a-uti-apos-inalar-fumaca","status":"publish","type":"post","link":"https:\/\/www.sincomam.org.br\/index.php\/alunos-da-escola-naval-sao-levados-a-uti-apos-inalar-fumaca\/","title":{"rendered":"Alunos da Escola Naval s\u00e3o levados \u00e0 UTI ap\u00f3s inalar fuma\u00e7a"},"content":{"rendered":"<p><strong><em>Etapa do treinamento consistia em atravessar um t\u00fanel com fuma\u00e7a<\/em><\/strong><\/p>\n<p>O Comando do 1\u00ba Distrito Naval do Rio informou nesta quarta-feira (21), por meio de nota, que o treinamento realizado por dois alunos da Escola Naval, hospitalizados com problemas respirat\u00f3rios, ser\u00e1 investigado. De acordo com a Marinha, os dois inalaram fuma\u00e7a em um exerc\u00edcio comum no curso, juntou com outros 32 aspirantes, que nada sofreram.<\/p>\n<p>At\u00e9 o in\u00edcio da noite, Jean Caleb Maroto Sousa seguia na UTI do Hospital Naval Marc\u00edlio Dias, no Lins de Vasconcelos, no Sub\u00farbio. Segundo testemunhas, ele est\u00e1 em coma induzido. A Marinha n\u00e3o confirma a informa\u00e7\u00e3o. Vin\u00edcius da Silva Cunha teve melhora e deixou a UTI.<\/p>\n<p>Um amigo de Jean contou ao RJTV que o pr\u00f3prio aspirante, que inicialmente apresentou apenas tosse e febre, contou que sofreu a intoxica\u00e7\u00e3o porque foi obrigado a repetir mais de uma vez um exerc\u00edcio no qual os jovens entram sem m\u00e1scara numa c\u00e2mara de g\u00e1s.<\/p>\n<p>\u201cEles tinham que escapar dessa c\u00e2mara. Era escuro, eles n\u00e3o achavam a sa\u00edda, tinha um amigo dele junto, que passou mal tamb\u00e9m l\u00e1 dentro. Ele saiu e o comandante mandou entrar novamente. Ele n\u00e3o achou novamente, entrou de novo, saiu e entrou de novo at\u00e9 achar a sa\u00edda. Depois, ele come\u00e7ou a passar mal, tossindo, reagindo j\u00e1 ao g\u00e1s\u201d, contou.<\/p>\n<p><strong>Treinamento<\/strong><\/p>\n<p>Uma das etapas do exerc\u00edcio, realizado na Base de Fuzileiros Navais, na Ilha do Governador, Zona Norte, consiste em atravessar um t\u00fanel de cerca de tr\u00eas metros de comprimento com a presen\u00e7a de fuma\u00e7a.<\/p>\n<p>&#8220;O exerc\u00edcio em quest\u00e3o \u00e9 regular e faz parte da Pr\u00e1tica Profissional Naval, prevista no Programa de Ensino da Escola Naval, tendo sido cumprida pelos demais 32 aspirantes fuzileiros navais sem incidentes. Ressalta-se que foi instaurado o competente procedimento, a fim de apurar as circunst\u00e2ncias do fato, com prazo de conclus\u00e3o de at\u00e9 40 dias, podendo ser prorrogado por mais 20&#8221;, diz o texto.<\/p>\n<p>A Marinha tamb\u00e9m lamentou o ocorrido e diz que prestar\u00e1 todo o apoio aos alunos e suas fam\u00edlias, disponibilizando assist\u00eancia social e profissionais competentes da \u00e1rea de sa\u00fade. <\/p>\n<p>O Comando do 1\u00ba Distrito Naval havia informado anteriormente ao G1, por meio de nota, que o treinamento ocorreu no dia 7 de maio, mas n\u00e3o deu detalhes sobre que tipo de exerc\u00edcios foram realizados. No mesmo dia do treinamento de Instru\u00e7\u00e3o sobre T\u00e9cnicas de Combate, os dois aspirantes apresentaram queixas respirat\u00f3rias e foram encaminhados ao Departamento de Sa\u00fade da Base de Fuzileiros. Ap\u00f3s atendimento, ambos foram liberados e retornaram \u00e0 Escola Naval, onde ficaram em observa\u00e7\u00e3o na enfermaria. No dia seguinte, por\u00e9m, os alunos foram levados para o Hospital Naval Marc\u00edlio Dias para realiza\u00e7\u00e3o de exames que indicaram a necessidade de interna\u00e7\u00e3o em UTI.<\/p>\n<p><strong>Leia a \u00edntegra da nota da Marinha:<\/strong><\/p>\n<p><em>&#8220;A Marinha do Brasil (MB), por meio do Comando do 1\u00ba Distrito Naval, informa que o Aspirante Vin\u00edcius da Silva Cunha, de 22 anos, apresentou melhoras em seu quadro cl\u00ednico, mas permanece em observa\u00e7\u00e3o no Hospital Naval Marc\u00edlio Dias (HNMD). J\u00e1 o Aspirante Jean Caleb Maroto Sousa, com a mesma idade, ainda permanece internado necessitando de cuidados intensivos.<\/em><\/p>\n<p><em>Os Aspirantes apresentaram dificuldades respirat\u00f3rias ap\u00f3s participarem de uma instru\u00e7\u00e3o sobre t\u00e9cnicas de combate na Base de Fuzileiros Navais da Ilha do Governador. Tal instru\u00e7\u00e3o consiste em um adestramento de procedimentos individuais sobre o deslocamento em situa\u00e7\u00f5es de combate. Uma das etapas do exerc\u00edcio consiste em atravessar um t\u00fanel de cerca de tr\u00eas metros de comprimento com a presen\u00e7a de fuma\u00e7a.<\/em><\/p>\n<p><em>Cabe registrar que o exerc\u00edcio em quest\u00e3o \u00e9 regular e faz parte da Pr\u00e1tica Profissional Naval, prevista no Programa de Ensino da Escola Naval, tendo sido cumprida pelos demais 32 Aspirantes Fuzileiros Navais sem incidentes. Ressalta-se que foi instaurado o competente procedimento, a fim de apurar as circunst\u00e2ncias do fato, com prazo de conclus\u00e3o de at\u00e9 40 dias, podendo ser prorrogado por mais 20.<\/em><\/p>\n<p><em>A MB lamenta o ocorrido e presta todo o apoio aos Aspirantes e suas fam\u00edlias, disponibilizando assist\u00eancia social e profissionais competentes da \u00e1rea de sa\u00fade.&#8221;<\/em><\/p>\n<p>Fonte: G1 \u2013 Rio de Janeiro<\/p>\n","protected":false},"excerpt":{"rendered":"<p>Etapa do treinamento consistia em atravessar um t\u00fanel com fuma\u00e7a O Comando do 1\u00ba Distrito Naval do Rio informou nesta quarta-feira (21), por meio de&#8230;<\/p>\n","protected":false},"author":1182,"featured_media":5627,"comment_status":"closed","ping_status":"closed","sticky":false,"template":"","format":"standard","meta":{"footnotes":""},"categories":[6],"tags":[1256,1257,1259,1258],"class_list":["post-5626","post","type-post","status-publish","format-standard","has-post-thumbnail","hentry","category-noticias","tag-aluno","tag-escola-naval","tag-fumaca","tag-uti"],"_links":{"self":[{"href":"https:\/\/www.sincomam.org.br\/index.php\/wp-json\/wp\/v2\/posts\/5626","targetHints":{"allow":["GET"]}}],"collection":[{"href":"https:\/\/www.sincomam.org.br\/index.php\/wp-json\/wp\/v2\/posts"}],"about":[{"href":"https:\/\/www.sincomam.org.br\/index.php\/wp-json\/wp\/v2\/types\/post"}],"author":[{"embeddable":true,"href":"https:\/\/www.sincomam.org.br\/index.php\/wp-json\/wp\/v2\/users\/1182"}],"replies":[{"embeddable":true,"href":"https:\/\/www.sincomam.org.br\/index.php\/wp-json\/wp\/v2\/comments?post=5626"}],"version-history":[{"count":1,"href":"https:\/\/www.sincomam.org.br\/index.php\/wp-json\/wp\/v2\/posts\/5626\/revisions"}],"predecessor-version":[{"id":5628,"href":"https:\/\/www.sincomam.org.br\/index.php\/wp-json\/wp\/v2\/posts\/5626\/revisions\/5628"}],"wp:featuredmedia":[{"embeddable":true,"href":"https:\/\/www.sincomam.org.br\/index.php\/wp-json\/wp\/v2\/media\/5627"}],"wp:attachment":[{"href":"https:\/\/www.sincomam.org.br\/index.php\/wp-json\/wp\/v2\/media?parent=5626"}],"wp:term":[{"taxonomy":"category","embeddable":true,"href":"https:\/\/www.sincomam.org.br\/index.php\/wp-json\/wp\/v2\/categories?post=5626"},{"taxonomy":"post_tag","embeddable":true,"href":"https:\/\/www.sincomam.org.br\/index.php\/wp-json\/wp\/v2\/tags?post=5626"}],"curies":[{"name":"wp","href":"https:\/\/api.w.org\/{rel}","templated":true}]}}