{"id":56259,"date":"2025-01-02T06:00:36","date_gmt":"2025-01-02T09:00:36","guid":{"rendered":"http:\/\/www.sincomam.org.br\/?p=56259"},"modified":"2024-12-31T13:42:13","modified_gmt":"2024-12-31T16:42:13","slug":"governo-federal-retoma-gestao-do-porto-de-itajai-com-expectativa-de-crescimento","status":"publish","type":"post","link":"https:\/\/www.sincomam.org.br\/index.php\/governo-federal-retoma-gestao-do-porto-de-itajai-com-expectativa-de-crescimento\/","title":{"rendered":"Governo Federal retoma gest\u00e3o do Porto de Itaja\u00ed com expectativa de crescimento"},"content":{"rendered":"<p>O Porto de Itaja\u00ed voltou a ser administrado pelo Governo Federal, marcando o in\u00edcio de uma nova fase com perspectiva de forte crescimento na movimenta\u00e7\u00e3o de cargas. A transi\u00e7\u00e3o para a gest\u00e3o pela Uni\u00e3o, iniciada h\u00e1 cerca de 15 dias, foi conclu\u00edda nesta quarta-feira (2). O complexo portu\u00e1rio passa agora a ser conduzido pela Autoridade Portu\u00e1ria de Santos (APS), ap\u00f3s uma decis\u00e3o tomada em consenso com os agentes do setor.<\/p>\n<p>O ministro Silvio Costa Filho (Portos e Aeroportos) destacou que a federaliza\u00e7\u00e3o do porto permitir\u00e1 a amplia\u00e7\u00e3o das atividades e trar\u00e1 benef\u00edcios para a economia estadual e a log\u00edstica local. Ele ressaltou o foco no desenvolvimento da cidade, melhoria da qualidade de vida dos moradores, gera\u00e7\u00e3o de empregos, aumento da renda e fortalecimento das opera\u00e7\u00f5es portu\u00e1rias.<\/p>\n<p>Ap\u00f3s a paralisa\u00e7\u00e3o das atividades em 2022, decorrente de planos de privatiza\u00e7\u00e3o, cerca de 2 mil funcion\u00e1rios foram demitidos. A retomada gradual come\u00e7ou no ano seguinte com um contrato provis\u00f3rio, que regularizou o complexo e reacendeu o interesse econ\u00f4mico no porto catarinense. Agora sob a gest\u00e3o da APS, a prioridade \u00e9 fortalecer a competitividade log\u00edstica, otimizar rotas e opera\u00e7\u00f5es e melhorar a efici\u00eancia no mercado internacional, visando recuperar o desempenho hist\u00f3rico do porto, que j\u00e1 foi o segundo maior em movimenta\u00e7\u00e3o de cont\u00eaineres do Brasil. O Minist\u00e9rio de Portos e Aeroportos planeja ampliar os servi\u00e7os e modernizar a infraestrutura do complexo.<\/p>\n<p>Embora gerido pela APS, empresa p\u00fablica federal respons\u00e1vel pelo maior porto da Am\u00e9rica Latina, as tarifas e taxas geradas pelo Porto de Itaja\u00ed ser\u00e3o integralmente destinadas \u00e0 cidade catarinense.<\/p>\n<p>Fonte: Portos e Navios<\/p>\n","protected":false},"excerpt":{"rendered":"<p>O Porto de Itaja\u00ed voltou a ser administrado pelo Governo Federal, marcando o in\u00edcio de uma nova fase com perspectiva de forte crescimento na movimenta\u00e7\u00e3o&#8230;<\/p>\n","protected":false},"author":1527,"featured_media":56261,"comment_status":"closed","ping_status":"closed","sticky":false,"template":"","format":"standard","meta":{"footnotes":""},"categories":[6],"tags":[],"class_list":["post-56259","post","type-post","status-publish","format-standard","has-post-thumbnail","hentry","category-noticias"],"_links":{"self":[{"href":"https:\/\/www.sincomam.org.br\/index.php\/wp-json\/wp\/v2\/posts\/56259","targetHints":{"allow":["GET"]}}],"collection":[{"href":"https:\/\/www.sincomam.org.br\/index.php\/wp-json\/wp\/v2\/posts"}],"about":[{"href":"https:\/\/www.sincomam.org.br\/index.php\/wp-json\/wp\/v2\/types\/post"}],"author":[{"embeddable":true,"href":"https:\/\/www.sincomam.org.br\/index.php\/wp-json\/wp\/v2\/users\/1527"}],"replies":[{"embeddable":true,"href":"https:\/\/www.sincomam.org.br\/index.php\/wp-json\/wp\/v2\/comments?post=56259"}],"version-history":[{"count":1,"href":"https:\/\/www.sincomam.org.br\/index.php\/wp-json\/wp\/v2\/posts\/56259\/revisions"}],"predecessor-version":[{"id":56262,"href":"https:\/\/www.sincomam.org.br\/index.php\/wp-json\/wp\/v2\/posts\/56259\/revisions\/56262"}],"wp:featuredmedia":[{"embeddable":true,"href":"https:\/\/www.sincomam.org.br\/index.php\/wp-json\/wp\/v2\/media\/56261"}],"wp:attachment":[{"href":"https:\/\/www.sincomam.org.br\/index.php\/wp-json\/wp\/v2\/media?parent=56259"}],"wp:term":[{"taxonomy":"category","embeddable":true,"href":"https:\/\/www.sincomam.org.br\/index.php\/wp-json\/wp\/v2\/categories?post=56259"},{"taxonomy":"post_tag","embeddable":true,"href":"https:\/\/www.sincomam.org.br\/index.php\/wp-json\/wp\/v2\/tags?post=56259"}],"curies":[{"name":"wp","href":"https:\/\/api.w.org\/{rel}","templated":true}]}}