{"id":56211,"date":"2024-12-27T11:29:40","date_gmt":"2024-12-27T14:29:40","guid":{"rendered":"http:\/\/www.sincomam.org.br\/?p=56211"},"modified":"2024-12-27T11:29:40","modified_gmt":"2024-12-27T14:29:40","slug":"nova-base-da-marinha-aprimora-ordenamento-na-ilha-grande","status":"publish","type":"post","link":"https:\/\/www.sincomam.org.br\/index.php\/nova-base-da-marinha-aprimora-ordenamento-na-ilha-grande\/","title":{"rendered":"Nova base da Marinha aprimora ordenamento na Ilha Grande"},"content":{"rendered":"<p>\u00c0s v\u00e9speras da alta temporada, a Vila do Abra\u00e3o, ponto tur\u00edstico mais movimentado da Ilha Grande, prepara-se para um marco significativo: a inaugura\u00e7\u00e3o de uma base fixa da Delegacia da Capitania dos Portos em Angra dos Reis (DelAReis). A presen\u00e7a f\u00edsica da Marinha na regi\u00e3o, com infraestrutura adequada e uma embarca\u00e7\u00e3o de grande porte, representa um avan\u00e7o crucial para garantir seguran\u00e7a e ordem no intenso fluxo mar\u00edtimo local.<\/p>\n<h2><strong>Infraestrutura e opera\u00e7\u00e3o da nova base fixa<\/strong><\/h2>\n<p>A nova base operacional avan\u00e7ada da Delegacia da Capitania dos Portos em Angra dos Reis (DelAReis) funcionar\u00e1 em um cont\u00eainer habit\u00e1vel estrategicamente posicionado na Vila do Abra\u00e3o. Essa estrutura moderna permitir\u00e1 que equipes de inspe\u00e7\u00e3o naval realizem suas atividades com maior efici\u00eancia, atuando diretamente no ordenamento do tr\u00e1fego aquavi\u00e1rio da regi\u00e3o.<\/p>\n<p>Al\u00e9m do cont\u00eainer, a opera\u00e7\u00e3o ser\u00e1 refor\u00e7ada por uma embarca\u00e7\u00e3o de grande porte equipada com tecnologia de ponta e capacidade para abrigar at\u00e9 quatro equipes de fiscaliza\u00e7\u00e3o. Essa embarca\u00e7\u00e3o atuar\u00e1 como uma base m\u00f3vel, contando ainda com embarca\u00e7\u00f5es menores e um jet-ski para abordagens r\u00e1pidas e a\u00e7\u00f5es preventivas em pontos de dif\u00edcil acesso.<\/p>\n<p>A integra\u00e7\u00e3o entre a base fixa e a embarca\u00e7\u00e3o m\u00f3vel permitir\u00e1 uma cobertura abrangente, garantindo maior controle sobre o fluxo di\u00e1rio de embarca\u00e7\u00f5es que entram e saem da Ilha Grande, al\u00e9m de assegurar a conformidade documental das embarca\u00e7\u00f5es, habilita\u00e7\u00e3o dos condutores e presen\u00e7a de equipamentos de seguran\u00e7a adequados.<\/p>\n<h2><strong>Impactos para o turismo e a comunidade local<\/strong><\/h2>\n<p>A chegada da base fixa da DelAReis representa uma mudan\u00e7a significativa para o turismo e para a comunidade local. Com um fluxo intenso de embarca\u00e7\u00f5es, especialmente durante a alta temporada, a presen\u00e7a permanente da Marinha trar\u00e1 mais seguran\u00e7a e organiza\u00e7\u00e3o ao tr\u00e1fego mar\u00edtimo.<\/p>\n<p>Para turistas, a iniciativa significa mais confian\u00e7a ao utilizar embarca\u00e7\u00f5es para explorar a Ba\u00eda da Ilha Grande. J\u00e1 para os operadores de turismo n\u00e1utico e moradores, o impacto ser\u00e1 percebido na redu\u00e7\u00e3o de pr\u00e1ticas irregulares, como embarca\u00e7\u00f5es sem documenta\u00e7\u00e3o adequada ou condutores n\u00e3o habilitados.<\/p>\n<p>\u00d3rg\u00e3os municipais, como a TurisAngra, tamb\u00e9m comemoram a implementa\u00e7\u00e3o da base, destacando que a a\u00e7\u00e3o atende a uma demanda antiga. O presidente da TurisAngra, Marc Olichon, ressaltou que a medida contribuir\u00e1 diretamente para o ordenamento tur\u00edstico da Vila do Abra\u00e3o, resultando em uma experi\u00eancia mais segura e satisfat\u00f3ria para todos.<\/p>\n<h2><strong>Projeto Costa Verde: objetivos e desafios<\/strong><\/h2>\n<p>A base fixa e a embarca\u00e7\u00e3o de grande porte integram o Projeto Costa Verde, uma iniciativa do Comando do 1\u00ba Distrito Naval em parceria com a Capitania dos Portos do Rio de Janeiro (CPRJ) e a Sociedade Amigos da Marinha do Rio de Janeiro (SOAMAR-Rio).<\/p>\n<p>O projeto, que conta com o apoio direto da Prefeitura de Angra dos Reis, busca fortalecer o ordenamento costeiro e aprimorar a fiscaliza\u00e7\u00e3o no litoral da regi\u00e3o. A participa\u00e7\u00e3o ativa das secretarias municipais, incluindo Seguran\u00e7a P\u00fablica, Ilha Grande e Turismo, demonstra o compromisso conjunto para alcan\u00e7ar os objetivos propostos.<\/p>\n<p>Entre os principais desafios do projeto est\u00e3o a manuten\u00e7\u00e3o da estrutura operacional em longo prazo, a forma\u00e7\u00e3o cont\u00ednua das equipes de fiscaliza\u00e7\u00e3o e o engajamento da comunidade local no cumprimento das normas mar\u00edtimas. Contudo, as expectativas s\u00e3o otimistas, especialmente para a temporada de ver\u00e3o, quando o fluxo de visitantes atinge seu pico.<\/p>\n<p>O Projeto Costa Verde surge, portanto, n\u00e3o apenas como uma resposta \u00e0s demandas imediatas da Vila do Abra\u00e3o, mas como um legado que promete transformar a gest\u00e3o do turismo e do tr\u00e1fego mar\u00edtimo na regi\u00e3o, assegurando um futuro mais seguro e sustent\u00e1vel para moradores e visitantes.<\/p>\n<p>Fonte: Defesa em Foco<\/p>\n","protected":false},"excerpt":{"rendered":"<p>\u00c0s v\u00e9speras da alta temporada, a Vila do Abra\u00e3o, ponto tur\u00edstico mais movimentado da Ilha Grande, prepara-se para um marco significativo: a inaugura\u00e7\u00e3o de uma&#8230;<\/p>\n","protected":false},"author":1527,"featured_media":56213,"comment_status":"closed","ping_status":"closed","sticky":false,"template":"","format":"standard","meta":{"footnotes":""},"categories":[6],"tags":[],"class_list":["post-56211","post","type-post","status-publish","format-standard","has-post-thumbnail","hentry","category-noticias"],"_links":{"self":[{"href":"https:\/\/www.sincomam.org.br\/index.php\/wp-json\/wp\/v2\/posts\/56211","targetHints":{"allow":["GET"]}}],"collection":[{"href":"https:\/\/www.sincomam.org.br\/index.php\/wp-json\/wp\/v2\/posts"}],"about":[{"href":"https:\/\/www.sincomam.org.br\/index.php\/wp-json\/wp\/v2\/types\/post"}],"author":[{"embeddable":true,"href":"https:\/\/www.sincomam.org.br\/index.php\/wp-json\/wp\/v2\/users\/1527"}],"replies":[{"embeddable":true,"href":"https:\/\/www.sincomam.org.br\/index.php\/wp-json\/wp\/v2\/comments?post=56211"}],"version-history":[{"count":1,"href":"https:\/\/www.sincomam.org.br\/index.php\/wp-json\/wp\/v2\/posts\/56211\/revisions"}],"predecessor-version":[{"id":56214,"href":"https:\/\/www.sincomam.org.br\/index.php\/wp-json\/wp\/v2\/posts\/56211\/revisions\/56214"}],"wp:featuredmedia":[{"embeddable":true,"href":"https:\/\/www.sincomam.org.br\/index.php\/wp-json\/wp\/v2\/media\/56213"}],"wp:attachment":[{"href":"https:\/\/www.sincomam.org.br\/index.php\/wp-json\/wp\/v2\/media?parent=56211"}],"wp:term":[{"taxonomy":"category","embeddable":true,"href":"https:\/\/www.sincomam.org.br\/index.php\/wp-json\/wp\/v2\/categories?post=56211"},{"taxonomy":"post_tag","embeddable":true,"href":"https:\/\/www.sincomam.org.br\/index.php\/wp-json\/wp\/v2\/tags?post=56211"}],"curies":[{"name":"wp","href":"https:\/\/api.w.org\/{rel}","templated":true}]}}