{"id":5618,"date":"2014-05-22T08:28:59","date_gmt":"2014-05-22T11:28:59","guid":{"rendered":"http:\/\/www.sincomam.org.br\/?p=5618"},"modified":"2014-05-22T00:01:17","modified_gmt":"2014-05-22T03:01:17","slug":"brasil-tem-pior-abril-em-15-anos-em-geracao-de-emprego","status":"publish","type":"post","link":"https:\/\/www.sincomam.org.br\/index.php\/brasil-tem-pior-abril-em-15-anos-em-geracao-de-emprego\/","title":{"rendered":"Brasil tem pior abril em 15 anos em gera\u00e7\u00e3o de emprego"},"content":{"rendered":"<p>O mercado de trabalho brasileiro registrou em abril a cria\u00e7\u00e3o de 105.384 postos de trabalho, queda de 46,48% quando comparado ao mesmo m\u00eas de 2013. \u00c9 o pior abril dos \u00faltimos 15 anos, segundo o Cadastro Geral de Empregados e Desempregados. Em abril de 2000, foram criados 125.071 vagas, e, em 1999, 57,5 mil. Os dados est\u00e3o sem ajuste \u2014 n\u00e3o consideram as informa\u00e7\u00f5es entregues pelas empresas fora do prazo.<\/p>\n<p>O n\u00famero representa, por\u00e9m, um crescimento de 0,26% em rela\u00e7\u00e3o ao estoque do m\u00eas anterior. Foram 1.862.515 admiss\u00f5es ante 1.757.131 desligamentos em abril.<\/p>\n<p>No acumulado do ano, foram abertos 458.145 postos de trabalho. A contar desde janeiro de 2011, in\u00edcio do governo da presidente Dilma Rousseff, foram 4.959.039 empregos gerados.<\/p>\n<p>A ind\u00fastria de transforma\u00e7\u00e3o puxou os n\u00fameros do Caged de abril para baixo ao fechar 3.427 postos de trabalho com carteira assinada no m\u00eas. O resultado representa redu\u00e7\u00e3o de 0,04% sobre o estoque de empregos de mar\u00e7o. Em contrapartida, os servi\u00e7os ampliaram em 0,40% (68.876 postos) as vagas em abril. O com\u00e9rcio abriu 16.569 postos, 0,18% a mais do que em mar\u00e7o.<\/p>\n<p>A agricultura (14.052 postos), constru\u00e7\u00e3o civil (4.317), administra\u00e7\u00e3o p\u00fablica (3.487) e a ind\u00fastria extrativa mineral (470) tamb\u00e9m abriram vagas em rela\u00e7\u00e3o ao estoque de mar\u00e7o.<\/p>\n<p>Os dados foram divulgados pelo Minist\u00e9rio do Trabalho. O ministro do Trabalho, Manoel Dias, previu em janeiro a gera\u00e7\u00e3o de at\u00e9 1,5 milh\u00e3o de postos de trabalho neste ano.<\/p>\n<p>Fonte: Valor \u00a0&#8211; Vandson Lima e Gabriel Caprioli<\/p>\n","protected":false},"excerpt":{"rendered":"<p>O mercado de trabalho brasileiro registrou em abril a cria\u00e7\u00e3o de 105.384 postos de trabalho, queda de 46,48% quando comparado ao mesmo m\u00eas de 2013&#8230;.<\/p>\n","protected":false},"author":1182,"featured_media":4562,"comment_status":"closed","ping_status":"closed","sticky":false,"template":"","format":"standard","meta":{"footnotes":""},"categories":[6],"tags":[914,61,833,556,1253],"class_list":["post-5618","post","type-post","status-publish","format-standard","has-post-thumbnail","hentry","category-noticias","tag-abril","tag-brasil","tag-desemprego","tag-geracao","tag-pior"],"_links":{"self":[{"href":"https:\/\/www.sincomam.org.br\/index.php\/wp-json\/wp\/v2\/posts\/5618","targetHints":{"allow":["GET"]}}],"collection":[{"href":"https:\/\/www.sincomam.org.br\/index.php\/wp-json\/wp\/v2\/posts"}],"about":[{"href":"https:\/\/www.sincomam.org.br\/index.php\/wp-json\/wp\/v2\/types\/post"}],"author":[{"embeddable":true,"href":"https:\/\/www.sincomam.org.br\/index.php\/wp-json\/wp\/v2\/users\/1182"}],"replies":[{"embeddable":true,"href":"https:\/\/www.sincomam.org.br\/index.php\/wp-json\/wp\/v2\/comments?post=5618"}],"version-history":[{"count":1,"href":"https:\/\/www.sincomam.org.br\/index.php\/wp-json\/wp\/v2\/posts\/5618\/revisions"}],"predecessor-version":[{"id":5619,"href":"https:\/\/www.sincomam.org.br\/index.php\/wp-json\/wp\/v2\/posts\/5618\/revisions\/5619"}],"wp:featuredmedia":[{"embeddable":true,"href":"https:\/\/www.sincomam.org.br\/index.php\/wp-json\/wp\/v2\/media\/4562"}],"wp:attachment":[{"href":"https:\/\/www.sincomam.org.br\/index.php\/wp-json\/wp\/v2\/media?parent=5618"}],"wp:term":[{"taxonomy":"category","embeddable":true,"href":"https:\/\/www.sincomam.org.br\/index.php\/wp-json\/wp\/v2\/categories?post=5618"},{"taxonomy":"post_tag","embeddable":true,"href":"https:\/\/www.sincomam.org.br\/index.php\/wp-json\/wp\/v2\/tags?post=5618"}],"curies":[{"name":"wp","href":"https:\/\/api.w.org\/{rel}","templated":true}]}}