{"id":56157,"date":"2024-12-26T06:00:00","date_gmt":"2024-12-26T09:00:00","guid":{"rendered":"http:\/\/www.sincomam.org.br\/?p=56157"},"modified":"2024-12-24T10:40:31","modified_gmt":"2024-12-24T13:40:31","slug":"patricia-baran-assume-temporariamente-a-diretoria-geral-da-anp","status":"publish","type":"post","link":"https:\/\/www.sincomam.org.br\/index.php\/patricia-baran-assume-temporariamente-a-diretoria-geral-da-anp\/","title":{"rendered":"Patr\u00edcia Baran assume temporariamente a Diretoria-Geral da ANP"},"content":{"rendered":"<p>Foi publicada, no Di\u00e1rio Oficial da Uni\u00e3o, a portaria da Ag\u00eancia Nacional do Petr\u00f3leo, G\u00e1s Natural e Biocombust\u00edveis (ANP) convocando Patr\u00edcia Baran, atual superintendente de Infraestrutura e Movimenta\u00e7\u00e3o da Ag\u00eancia, para assumir interinamente a Diretoria-Geral. A decis\u00e3o ocorre ap\u00f3s o t\u00e9rmino do mandato de Rodolfo Saboia, que ocupava o cargo at\u00e9 22\/12. Patr\u00edcia Baran exercer\u00e1 a fun\u00e7\u00e3o at\u00e9 que o Senado Federal aprove o nome do novo Diretor-Geral.<\/p>\n<p>De acordo com a Lei 9.986\/2000, alterada pela Lei Geral das Ag\u00eancias (Lei n\u00ba 13.848\/2019), vagas nas diretorias de ag\u00eancias reguladoras federais devem ser preenchidas temporariamente por servidores, escolhidos entre uma lista tr\u00edplice indicada por decreto presidencial, com mandato provis\u00f3rio de at\u00e9 180 dias. Em 17\/12, o Presidente da Rep\u00fablica encaminhou ao Senado as indica\u00e7\u00f5es de Artur Watt Neto para o cargo de Diretor-Geral da ANP e de Pietro Adamo Sampaio Mendes para a Diretoria 4. A Diretoria 4, ocupada por substitutos desde o t\u00e9rmino do mandato de Cl\u00e1udio Jorge de Souza em 22\/12\/2023, est\u00e1 atualmente sob responsabilidade de Bruno Caselli, superintendente de Participa\u00e7\u00f5es Governamentais da ANP.<\/p>\n<p>As indica\u00e7\u00f5es presidenciais precisam ser aprovadas pelo Senado ap\u00f3s sabatina na Comiss\u00e3o de Servi\u00e7os de Infraestrutura e vota\u00e7\u00e3o no plen\u00e1rio para que os indicados possam assumir os cargos com mandatos fixos.<\/p>\n<p>Fonte: Portos e Navios<\/p>\n","protected":false},"excerpt":{"rendered":"<p>Foi publicada, no Di\u00e1rio Oficial da Uni\u00e3o, a portaria da Ag\u00eancia Nacional do Petr\u00f3leo, G\u00e1s Natural e Biocombust\u00edveis (ANP) convocando Patr\u00edcia Baran, atual superintendente de&#8230;<\/p>\n","protected":false},"author":1527,"featured_media":56159,"comment_status":"closed","ping_status":"closed","sticky":false,"template":"","format":"standard","meta":{"footnotes":""},"categories":[6],"tags":[],"class_list":["post-56157","post","type-post","status-publish","format-standard","has-post-thumbnail","hentry","category-noticias"],"_links":{"self":[{"href":"https:\/\/www.sincomam.org.br\/index.php\/wp-json\/wp\/v2\/posts\/56157","targetHints":{"allow":["GET"]}}],"collection":[{"href":"https:\/\/www.sincomam.org.br\/index.php\/wp-json\/wp\/v2\/posts"}],"about":[{"href":"https:\/\/www.sincomam.org.br\/index.php\/wp-json\/wp\/v2\/types\/post"}],"author":[{"embeddable":true,"href":"https:\/\/www.sincomam.org.br\/index.php\/wp-json\/wp\/v2\/users\/1527"}],"replies":[{"embeddable":true,"href":"https:\/\/www.sincomam.org.br\/index.php\/wp-json\/wp\/v2\/comments?post=56157"}],"version-history":[{"count":1,"href":"https:\/\/www.sincomam.org.br\/index.php\/wp-json\/wp\/v2\/posts\/56157\/revisions"}],"predecessor-version":[{"id":56160,"href":"https:\/\/www.sincomam.org.br\/index.php\/wp-json\/wp\/v2\/posts\/56157\/revisions\/56160"}],"wp:featuredmedia":[{"embeddable":true,"href":"https:\/\/www.sincomam.org.br\/index.php\/wp-json\/wp\/v2\/media\/56159"}],"wp:attachment":[{"href":"https:\/\/www.sincomam.org.br\/index.php\/wp-json\/wp\/v2\/media?parent=56157"}],"wp:term":[{"taxonomy":"category","embeddable":true,"href":"https:\/\/www.sincomam.org.br\/index.php\/wp-json\/wp\/v2\/categories?post=56157"},{"taxonomy":"post_tag","embeddable":true,"href":"https:\/\/www.sincomam.org.br\/index.php\/wp-json\/wp\/v2\/tags?post=56157"}],"curies":[{"name":"wp","href":"https:\/\/api.w.org\/{rel}","templated":true}]}}