{"id":5615,"date":"2014-05-22T08:21:15","date_gmt":"2014-05-22T11:21:15","guid":{"rendered":"http:\/\/www.sincomam.org.br\/?p=5615"},"modified":"2014-05-21T23:28:48","modified_gmt":"2014-05-22T02:28:48","slug":"mpt-investiga-condicoes-de-trabalho-em-plataforma-da-petrobras","status":"publish","type":"post","link":"https:\/\/www.sincomam.org.br\/index.php\/mpt-investiga-condicoes-de-trabalho-em-plataforma-da-petrobras\/","title":{"rendered":"MPT investiga condi\u00e7\u00f5es de trabalho em plataforma da Petrobras"},"content":{"rendered":"<p>O Minist\u00e9rio P\u00fablico do Trabalho (MPT) abriu ontem inqu\u00e9rito para investigar a opera\u00e7\u00e3o da plataforma P-62 da Petrobras, localizada no campo de Roncador na Bacia de Campos (RJ), que iniciou atividades pela primeira vez na semana passada.<\/p>\n<p>A estrutura, que tem capacidade para abrigar 162 trabalhadores, foi interditada em mar\u00e7o, pelo Minist\u00e9rio do Trabalho, devido a irregularidades em seguran\u00e7a \u2014 e chegou a sofrer um inc\u00eandio em janeiro.<\/p>\n<p>Segundo informa\u00e7\u00f5es do MPT, ao abrir a investiga\u00e7\u00e3o, a procuradora Junia Bonfante acatou pedido do Sindicato dos Petroleiros do Norte Fluminense (Sindipetro-NF), que levantou d\u00favidas em rela\u00e7\u00e3o \u00e0s condi\u00e7\u00f5es de opera\u00e7\u00e3o da plataforma. O inqu\u00e9rito n\u00e3o tem prazo para resolu\u00e7\u00e3o, informou o minist\u00e9rio.<\/p>\n<p>O an\u00fancio do in\u00edcio de opera\u00e7\u00e3o da P-62 foi feito pela pr\u00f3pria presidente da Petrobras, Maria das Gra\u00e7as Foster, no dia 12 de maio, quando a executiva comentava os resultados da companhia no primeiro trimestre em teleconfer\u00eancia.<\/p>\n<p>A P-62, instalada em profundidade de \u00e1gua de 1,6 mil metros, \u00e9 parte integrante do projeto M\u00f3dulo 4 do campo de Roncador. Nela s\u00e3o interligados 22 po\u00e7os, sendo 14 produtores de \u00f3leo e g\u00e1s e 8 injetores de \u00e1gua.<\/p>\n<p>Do tipo FPSO (unidade que produz, armazena e transfere petr\u00f3leo, na sigla em ingl\u00eas), a unidade tem capacidade para processar diariamente at\u00e9 180 mil barris de petr\u00f3leo e 6 milh\u00f5es de metros c\u00fabicos de g\u00e1s natural.<\/p>\n<p>Fonte: Valor &#8211; Alessandra Saraiva<\/p>\n","protected":false},"excerpt":{"rendered":"<p>O Minist\u00e9rio P\u00fablico do Trabalho (MPT) abriu ontem inqu\u00e9rito para investigar a opera\u00e7\u00e3o da plataforma P-62 da Petrobras, localizada no campo de Roncador na Bacia&#8230;<\/p>\n","protected":false},"author":1182,"featured_media":5339,"comment_status":"closed","ping_status":"closed","sticky":false,"template":"","format":"standard","meta":{"footnotes":""},"categories":[6],"tags":[297,1252,58,186,554],"class_list":["post-5615","post","type-post","status-publish","format-standard","has-post-thumbnail","hentry","category-noticias","tag-investigacao","tag-mpt","tag-petrobras","tag-plataforma","tag-trabalho"],"_links":{"self":[{"href":"https:\/\/www.sincomam.org.br\/index.php\/wp-json\/wp\/v2\/posts\/5615","targetHints":{"allow":["GET"]}}],"collection":[{"href":"https:\/\/www.sincomam.org.br\/index.php\/wp-json\/wp\/v2\/posts"}],"about":[{"href":"https:\/\/www.sincomam.org.br\/index.php\/wp-json\/wp\/v2\/types\/post"}],"author":[{"embeddable":true,"href":"https:\/\/www.sincomam.org.br\/index.php\/wp-json\/wp\/v2\/users\/1182"}],"replies":[{"embeddable":true,"href":"https:\/\/www.sincomam.org.br\/index.php\/wp-json\/wp\/v2\/comments?post=5615"}],"version-history":[{"count":1,"href":"https:\/\/www.sincomam.org.br\/index.php\/wp-json\/wp\/v2\/posts\/5615\/revisions"}],"predecessor-version":[{"id":5616,"href":"https:\/\/www.sincomam.org.br\/index.php\/wp-json\/wp\/v2\/posts\/5615\/revisions\/5616"}],"wp:featuredmedia":[{"embeddable":true,"href":"https:\/\/www.sincomam.org.br\/index.php\/wp-json\/wp\/v2\/media\/5339"}],"wp:attachment":[{"href":"https:\/\/www.sincomam.org.br\/index.php\/wp-json\/wp\/v2\/media?parent=5615"}],"wp:term":[{"taxonomy":"category","embeddable":true,"href":"https:\/\/www.sincomam.org.br\/index.php\/wp-json\/wp\/v2\/categories?post=5615"},{"taxonomy":"post_tag","embeddable":true,"href":"https:\/\/www.sincomam.org.br\/index.php\/wp-json\/wp\/v2\/tags?post=5615"}],"curies":[{"name":"wp","href":"https:\/\/api.w.org\/{rel}","templated":true}]}}