{"id":56120,"date":"2024-12-23T10:38:36","date_gmt":"2024-12-23T13:38:36","guid":{"rendered":"http:\/\/www.sincomam.org.br\/?p=56120"},"modified":"2024-12-23T10:38:36","modified_gmt":"2024-12-23T13:38:36","slug":"marinha-da-inicio-a-operacao-navegue-seguro-2025","status":"publish","type":"post","link":"https:\/\/www.sincomam.org.br\/index.php\/marinha-da-inicio-a-operacao-navegue-seguro-2025\/","title":{"rendered":"Marinha d\u00e1 in\u00edcio a Opera\u00e7\u00e3o \u201cNavegue Seguro 2025\u201d"},"content":{"rendered":"<p class=\"text-align-justify\">O aumento das atividades no litoral e nas \u00e1guas interiores do Pa\u00eds durante os meses de ver\u00e3o revelam a import\u00e2ncia da Opera\u00e7\u00e3o \u201cNavegue Seguro\u201d. Apesar de rebatizada, as atividades realizadas pelos militares da Marinha do Brasil (MB) permanecem com o mesmo objetivo da anterior Opera\u00e7\u00e3o \u201cVer\u00e3o\u201d: ampliar a seguran\u00e7a da navega\u00e7\u00e3o e refor\u00e7ar as boas pr\u00e1ticas de conduta para quem trafega em \u00e1guas nacionais nos meses de f\u00e9rias escolares. As a\u00e7\u00f5es, coordenadas pela Diretoria de Portos e Costas (DPC), iniciam nesta sexta-feira (20) com encerramento previsto para 15 de mar\u00e7o, ap\u00f3s o carnaval.<\/p>\n<p class=\"text-align-justify\">Al\u00e9m do turismo n\u00e1utico, os militares tamb\u00e9m estar\u00e3o atentos aos p\u00fablicos regionais, como os pescadores e as comunidades mar\u00edtimas e ribeirinhas. O mote deste ano traz a mensagem \u201cFique ligado, voc\u00ea \u00e9 o Capit\u00e3o! Navegar com seguran\u00e7a \u00e9 a sua melhor op\u00e7\u00e3o!\u201d. O lema enfatiza a responsabilidade que os condutores precisam ter para garantir um momento de lazer ou de trabalho de qualidade, seguindo as regras da Autoridade Mar\u00edtima.<\/p>\n<p class=\"text-align-justify\">A expectativa \u00e9 de que os n\u00fameros das inspe\u00e7\u00f5es deste ano superem os do ano passado. H\u00e1 uma crescente desde 2021 em rela\u00e7\u00e3o \u00e0 quantidade de vistorias realizadas pelos militares da Marinha do Brasil (MB). Em 2024, esse dado foi o mais alto da s\u00e9rie, chegando a 133.784 inspe\u00e7\u00f5es. H\u00e1 tamb\u00e9m uma redu\u00e7\u00e3o no n\u00famero de embarca\u00e7\u00f5es apreendidas, o que sugere uma maior conscientiza\u00e7\u00e3o da sociedade quanto \u00e0s corretas regras de conduta no mar, j\u00e1 que as inspe\u00e7\u00f5es seguem em andamento.<br \/>\nOs n\u00fameros da \u00faltima Opera\u00e7\u00e3o, iniciada em dezembro de 2023 e finalizada em mar\u00e7o de 2024, mostram 546 embarca\u00e7\u00f5es apreendidas. O n\u00famero \u00e9 o menor da s\u00e9rie de 2021 a 2023.<\/p>\n<p class=\"text-align-justify\">As transgress\u00f5es mais comuns registradas na edi\u00e7\u00e3o anterior foram: a falta de habilita\u00e7\u00e3o dos condutores; documenta\u00e7\u00e3o da embarca\u00e7\u00e3o incompleta ou vencida; falta de material de salvatagem (coletes, boias, extintores de inc\u00eandio entre outros); desrespeito ao limite de lota\u00e7\u00e3o da embarca\u00e7\u00e3o; consumo de bebida alco\u00f3lica durante a condu\u00e7\u00e3o; e m\u00e1s condi\u00e7\u00f5es de navegabilidade das embarca\u00e7\u00f5es.<\/p>\n<p class=\"text-align-justify\">Al\u00e9m das opera\u00e7\u00f5es no mar, a Opera\u00e7\u00e3o \u201cNavegue Seguro\u201d tamb\u00e9m conta com uma vertente direcionada ao fortalecimento da mentalidade mar\u00edtima. Campanhas de conscientiza\u00e7\u00e3o s\u00e3o realizadas em clubes n\u00e1uticos, marinas, entidades desportivas n\u00e1uticas e col\u00f4nias de pescadores para massificar as regras de Seguran\u00e7a da Navega\u00e7\u00e3o.<br \/>\nO Diretor de Portos e Costas, Vice-Almirante Andr\u00e9 Macedo, enfatiza que \u201co principal objetivo \u00e9 a cria\u00e7\u00e3o de uma mentalidade de seguran\u00e7a nos navegadores. Tornar uma rotina o cumprimento das normas. Dessa forma, evitamos acidentes e garantimos um lazer de qualidade\u201d.<\/p>\n<p class=\"text-align-justify\">A partir do trabalho conjunto das Capitanias, Ag\u00eancias e Delegacias, a Opera\u00e7\u00e3o realizar\u00e1, concomitante \u00e0s inspe\u00e7\u00f5es navais, campanhas para preven\u00e7\u00e3o quanto ao descarte de lixo em rios e mares. As capitanias t\u00eam o papel de cooperar para a preserva\u00e7\u00e3o e correta utiliza\u00e7\u00e3o dos recursos da Amaz\u00f4nia Azul. O trabalho dessas organiza\u00e7\u00f5es militares \u00e9 o de promover a\u00e7\u00f5es preventivas e repressivas, por meio de patrulhamento, revista de embarca\u00e7\u00f5es e, at\u00e9 mesmo, pris\u00f5es em flagrante.<\/p>\n<p class=\"text-align-justify\">Como parte do trabalho de conscientiza\u00e7\u00e3o, a Autoridade Mar\u00edtima divulgou os dez mandamentos da seguran\u00e7a da navega\u00e7\u00e3o, com dicas para garantir um momento de lazer de qualidade.<\/p>\n<h5 class=\"text-align-justify\">Distritos Navais<\/h5>\n<p class=\"text-align-justify\">Com dimens\u00f5es continentais, o Brasil possui significativas varia\u00e7\u00f5es clim\u00e1ticas, sendo o \u201cVer\u00e3o Amaz\u00f4nico\u201d e os per\u00edodos de seca no Centro-Oeste as mais marcantes.<\/p>\n<p class=\"text-align-justify\">Na Regi\u00e3o Norte, devido ao calor excessivo nos meses de dezembro a mar\u00e7o, aliado \u00e0 alta umidade do ar que \u00e9 caracter\u00edstica local, h\u00e1 uma maior evapora\u00e7\u00e3o das \u00e1guas de mares e de rios, produzindo como consequ\u00eancia, uma maior precipita\u00e7\u00e3o, o que demarca o \u201cInverno Amaz\u00f4nico\u201d.<\/p>\n<p class=\"text-align-justify\">Essa particularidade faz com que os meses de maior intensidade de tr\u00e1fego tur\u00edstico no mar e nas \u00e1guas interiores do Norte sejam de junho a agosto, per\u00edodo conhecido como \u201cVer\u00e3o Amaz\u00f4nico\u201d, \u00e9poca em que as Capitanias, Delegacias e Ag\u00eancias da regi\u00e3o redobram o trabalho de fiscaliza\u00e7\u00e3o do turismo n\u00e1utico.<\/p>\n<p class=\"text-align-justify\">J\u00e1 no Centro-Oeste, o Comando do 7\u00ba Distrito Naval \u00e9 o respons\u00e1vel pelas Capitanias Fluviais de Bras\u00edlia, de Goi\u00e1s e do Araguaia-Tocantins. A capital federal det\u00e9m a 4\u00aa maior frota de embarca\u00e7\u00f5es registradas em compara\u00e7\u00e3o \u00e0s outras Capitanias do Pa\u00eds. A regi\u00e3o \u00e9 conhecida por atrativos tur\u00edsticos no per\u00edodo de estiagem, que formam \u201cpraias\u201d de \u00e1gua doce em rios e lagos, um chamariz para embarca\u00e7\u00f5es e motos aqu\u00e1ticas nos meses do meio do ano.<\/p>\n<p class=\"text-align-justify\">Por conta disso, a Opera\u00e7\u00e3o \u201cNavegue Seguro\u201d tamb\u00e9m ocorre em outro per\u00edodo nessas capitanias; a previs\u00e3o \u00e9 de que o aumento da fiscaliza\u00e7\u00e3o inicie em junho de 2025.<\/p>\n<div id=\"galeria-de-fotos-da-materia\" class=\"row my-4\">\n<div class=\"col-md-12\"><!-- Title --><\/p>\n<div class=\"mb-4 d-md-flex justify-content-between align-items-center\"><\/div>\n<\/div>\n<\/div>\n<p>Fonte: Ag\u00eancia Marinha de Not\u00edcias<\/p>\n","protected":false},"excerpt":{"rendered":"<p>O aumento das atividades no litoral e nas \u00e1guas interiores do Pa\u00eds durante os meses de ver\u00e3o revelam a import\u00e2ncia da Opera\u00e7\u00e3o \u201cNavegue Seguro\u201d. Apesar&#8230;<\/p>\n","protected":false},"author":1527,"featured_media":56122,"comment_status":"closed","ping_status":"closed","sticky":false,"template":"","format":"standard","meta":{"footnotes":""},"categories":[6],"tags":[],"class_list":["post-56120","post","type-post","status-publish","format-standard","has-post-thumbnail","hentry","category-noticias"],"_links":{"self":[{"href":"https:\/\/www.sincomam.org.br\/index.php\/wp-json\/wp\/v2\/posts\/56120","targetHints":{"allow":["GET"]}}],"collection":[{"href":"https:\/\/www.sincomam.org.br\/index.php\/wp-json\/wp\/v2\/posts"}],"about":[{"href":"https:\/\/www.sincomam.org.br\/index.php\/wp-json\/wp\/v2\/types\/post"}],"author":[{"embeddable":true,"href":"https:\/\/www.sincomam.org.br\/index.php\/wp-json\/wp\/v2\/users\/1527"}],"replies":[{"embeddable":true,"href":"https:\/\/www.sincomam.org.br\/index.php\/wp-json\/wp\/v2\/comments?post=56120"}],"version-history":[{"count":1,"href":"https:\/\/www.sincomam.org.br\/index.php\/wp-json\/wp\/v2\/posts\/56120\/revisions"}],"predecessor-version":[{"id":56123,"href":"https:\/\/www.sincomam.org.br\/index.php\/wp-json\/wp\/v2\/posts\/56120\/revisions\/56123"}],"wp:featuredmedia":[{"embeddable":true,"href":"https:\/\/www.sincomam.org.br\/index.php\/wp-json\/wp\/v2\/media\/56122"}],"wp:attachment":[{"href":"https:\/\/www.sincomam.org.br\/index.php\/wp-json\/wp\/v2\/media?parent=56120"}],"wp:term":[{"taxonomy":"category","embeddable":true,"href":"https:\/\/www.sincomam.org.br\/index.php\/wp-json\/wp\/v2\/categories?post=56120"},{"taxonomy":"post_tag","embeddable":true,"href":"https:\/\/www.sincomam.org.br\/index.php\/wp-json\/wp\/v2\/tags?post=56120"}],"curies":[{"name":"wp","href":"https:\/\/api.w.org\/{rel}","templated":true}]}}