{"id":5611,"date":"2014-05-22T08:18:39","date_gmt":"2014-05-22T11:18:39","guid":{"rendered":"http:\/\/www.sincomam.org.br\/?p=5611"},"modified":"2014-05-21T23:12:34","modified_gmt":"2014-05-22T02:12:34","slug":"petrobras-desmente-gabrielli-sobre-aditivo-e-contratos-de-abreu-e-lima","status":"publish","type":"post","link":"https:\/\/www.sincomam.org.br\/index.php\/petrobras-desmente-gabrielli-sobre-aditivo-e-contratos-de-abreu-e-lima\/","title":{"rendered":"Petrobras desmente Gabrielli sobre aditivo e contratos de Abreu e Lima"},"content":{"rendered":"<p>A Petrobras desmentiu nesta quarta-feira as informa\u00e7\u00f5es dadas ontem pelo ex-presidente da estatal, Jos\u00e9 Sergio Gabrielli, sobre o processo de aprova\u00e7\u00e3o de contratos e aditivos realizados na constru\u00e7\u00e3o da refinaria Abreu e Lima, em Pernambuco.<\/p>\n<p>Durante seu depoimento feito \u00e0 Comiss\u00e3o Parlamentar de Inqu\u00e9rito (CPI) da Petrobras Gabrielli foi claro e objetivo ao relatar que a Rnest, como tamb\u00e9m \u00e9 conhecida a refinaria Abreu e Lima, tinha um conselho de administra\u00e7\u00e3o pr\u00f3prio que tomava decis\u00f5es sobre a assinatura de novos contratos e aditivos sem ter de submet\u00ea-los ao conselho e \u00e0 diretoria da Petrobras.<\/p>\n<p>Depois da audi\u00eancia Gabrielli voltou a detalhar o assunto a jornalistas. \u201cA refinaria funcionava como uma empresa subsidi\u00e1ria da Petrobras. Ela \u00e9 que tinha a compet\u00eancia de tomar essas decis\u00f5es. Da mesma forma que a BR Distribuidora toma decis\u00f5es sem a diretoria da Petrobras tomar conhecimento\u201d, disse o ex-presidente da estatal. E completou: \u201cA diretoria e o conselho da Petrobras acompanham os resultados finais. \u00c9 uma refinaria que tinha decis\u00f5es no \u00e2mbito na Rnest (Abreu e Lima), e que n\u00e3o chegava \u00e0 diretoria da Petrobras.\u201d<\/p>\n<p>Por meio de nota publicada hoje, a Petrobras desmente a declara\u00e7\u00e3o dada por seu ex-presidente. \u201cEsclarecemos que todos os contratos e aditivos da Rnest, inclusive os assinados at\u00e9 16\/12\/2013 por ocasi\u00e3o de sua incorpora\u00e7\u00e3o, foram submetidos previamente aos nossos \u00f3rg\u00e3os competentes para autoriza\u00e7\u00e3o interna e recomenda\u00e7\u00e3o para aprova\u00e7\u00e3o da Rnest, observadas as an\u00e1lises t\u00e9cnicas, comerciais, tribut\u00e1rias e jur\u00eddicas pertinentes, conforme modelo de governan\u00e7a do Sistema Petrobras. Sendo assim, est\u00e1 equivocada a informa\u00e7\u00e3o de que n\u00e3o analisamos os contratos e aditivos da Rnest\u201d.<\/p>\n<p>Reportagem publicada hoje pelo Valor detalha a atua\u00e7\u00e3o do ex-diretor da \u00e1rea de abastecimento da estatal Paulo Roberto Costa, que entre mar\u00e7o de 2008 e dezembro de 2013 foi o presidente do conselho de administra\u00e7\u00e3o da Petrobras.<\/p>\n<p>Os gastos de Abreu e Lima que constam das atas do conselho de administra\u00e7\u00e3o da refinaria apontam gastos superiores a R$ 6,5 bilh\u00f5es assinados por Paulo Roberto Costa e por seu sucessor no posto, Jos\u00e9 Carlos Cosenza. Ent\u00e3o gerente-executivo de refino da Petrobras, Cosenza j\u00e1 era membro do conselho desde junho de 2008.<\/p>\n<p>Mais de 150 aditivos foram realizados nesse per\u00edodo, totalizando em mais de R$ 4,1 bilh\u00f5es em aumento de custos. A maioria deles est\u00e1 vinculada a contratos firmados originalmente pela pr\u00f3pria Petrobras, ou seja, antes da constitui\u00e7\u00e3o do conselho de Abreu e Lima. Al\u00e9m dos aditivos, vieram os novos contratos assinados com empreiteiras, prestadores de servi\u00e7os e fornecedores de equipamentos, um conjunto de novas contrata\u00e7\u00f5es que ultrapassa a marca de R$ 2,5 bilh\u00f5es.<\/p>\n<p>Gabrielli minimizou o fato de o conselho de Abreu e Lima ter assinado mais de 150 termos aditivos. \u201cN\u00e3o \u00e9 tanto aditivo. Sabe quantos contratos tem a refinaria Abreu e Lima? 260 contratos. N\u00e3o sei quantos aditivos t\u00eam por contrato\u201d, disse Gabrielli.<\/p>\n<p>Ontem, depois das declara\u00e7\u00f5es feitas por Gabrielli, a Petrobras foi procurada pela reportagem para esclarecer como acompanhava o processo de libera\u00e7\u00e3o de contratos da refinaria e de seus aditivos. A companhia foi questionada sobre como passou a serem administrado os pedidos de aditivos contratuais atrelados \u00e0s obras da refinaria Abreu e Lima, ap\u00f3s a incorpora\u00e7\u00e3o da Rnest S\/A pela Petrobras.<\/p>\n<p>A estatal tamb\u00e9m foi perguntada se o conselho administrativo e a diretoria colegiada da Petrobras passaram a analisar esses pedidos de aditivos, se o conselho de administra\u00e7\u00e3o e a diretoria da Rnest foram extintos ou incorporados pela Petrobras, qual \u00e9 a estrutura atual respons\u00e1vel pela avalia\u00e7\u00e3o de aditivos e celebra\u00e7\u00e3o de contratos e quem s\u00e3o os integrantes dessa estrutura. A Petrobras informou que n\u00e3o iria comentar o assunto.<\/p>\n<p>Fonte: Valor &#8211; Andr\u00e9 Borges\u00a0<\/p>\n","protected":false},"excerpt":{"rendered":"<p>A Petrobras desmentiu nesta quarta-feira as informa\u00e7\u00f5es dadas ontem pelo ex-presidente da estatal, Jos\u00e9 Sergio Gabrielli, sobre o processo de aprova\u00e7\u00e3o de contratos e aditivos&#8230;<\/p>\n","protected":false},"author":1182,"featured_media":5613,"comment_status":"closed","ping_status":"closed","sticky":false,"template":"","format":"standard","meta":{"footnotes":""},"categories":[6],"tags":[284,1250,831,1251,58,108],"class_list":["post-5611","post","type-post","status-publish","format-standard","has-post-thumbnail","hentry","category-noticias","tag-abreu-e-lima","tag-aditivos","tag-cpi","tag-gabrielli","tag-petrobras","tag-refinaria"],"_links":{"self":[{"href":"https:\/\/www.sincomam.org.br\/index.php\/wp-json\/wp\/v2\/posts\/5611","targetHints":{"allow":["GET"]}}],"collection":[{"href":"https:\/\/www.sincomam.org.br\/index.php\/wp-json\/wp\/v2\/posts"}],"about":[{"href":"https:\/\/www.sincomam.org.br\/index.php\/wp-json\/wp\/v2\/types\/post"}],"author":[{"embeddable":true,"href":"https:\/\/www.sincomam.org.br\/index.php\/wp-json\/wp\/v2\/users\/1182"}],"replies":[{"embeddable":true,"href":"https:\/\/www.sincomam.org.br\/index.php\/wp-json\/wp\/v2\/comments?post=5611"}],"version-history":[{"count":1,"href":"https:\/\/www.sincomam.org.br\/index.php\/wp-json\/wp\/v2\/posts\/5611\/revisions"}],"predecessor-version":[{"id":5614,"href":"https:\/\/www.sincomam.org.br\/index.php\/wp-json\/wp\/v2\/posts\/5611\/revisions\/5614"}],"wp:featuredmedia":[{"embeddable":true,"href":"https:\/\/www.sincomam.org.br\/index.php\/wp-json\/wp\/v2\/media\/5613"}],"wp:attachment":[{"href":"https:\/\/www.sincomam.org.br\/index.php\/wp-json\/wp\/v2\/media?parent=5611"}],"wp:term":[{"taxonomy":"category","embeddable":true,"href":"https:\/\/www.sincomam.org.br\/index.php\/wp-json\/wp\/v2\/categories?post=5611"},{"taxonomy":"post_tag","embeddable":true,"href":"https:\/\/www.sincomam.org.br\/index.php\/wp-json\/wp\/v2\/tags?post=5611"}],"curies":[{"name":"wp","href":"https:\/\/api.w.org\/{rel}","templated":true}]}}