{"id":56103,"date":"2024-12-23T10:21:13","date_gmt":"2024-12-23T13:21:13","guid":{"rendered":"http:\/\/www.sincomam.org.br\/?p=56103"},"modified":"2024-12-23T10:21:13","modified_gmt":"2024-12-23T13:21:13","slug":"audiencia-publica-em-paranagua-discute-estudo-de-impacto-do-porto-guara","status":"publish","type":"post","link":"https:\/\/www.sincomam.org.br\/index.php\/audiencia-publica-em-paranagua-discute-estudo-de-impacto-do-porto-guara\/","title":{"rendered":"Audi\u00eancia p\u00fablica em Paranagu\u00e1 discute estudo de impacto do Porto Guar\u00e1"},"content":{"rendered":"<p>O Porto Guar\u00e1, em parceria com a Prefeitura de Paranagu\u00e1, realizou uma audi\u00eancia p\u00fablica, na \u00faltima quinta-feira (19), para apresentar o Estudo de Impacto de Vizinhan\u00e7a (EIV) e o Relat\u00f3rio de Impacto de Vizinhan\u00e7a (RIV) do novo empreendimento portu\u00e1rio. O evento, realizado no Centro de Eventos do Hotel Camboa, contou com a participa\u00e7\u00e3o de mais de 150 pessoas, incluindo autoridades, representantes de entidades civis e a comunidade local.<\/p>\n<p>O EIV detalhou os aspectos ambientais, urban\u00edsticos e sociais da regi\u00e3o, destacando a manuten\u00e7\u00e3o da qualidade ambiental, gest\u00e3o de patrim\u00f4nios naturais e arqueol\u00f3gicos, e a recupera\u00e7\u00e3o de \u00e1reas degradadas. Durante a audi\u00eancia, a popula\u00e7\u00e3o p\u00f4de esclarecer d\u00favidas e contribuir com sugest\u00f5es, que ser\u00e3o analisadas pela Secretaria Municipal de Urbanismo como subs\u00eddio para o parecer final sobre o projeto.<\/p>\n<p>Com investimentos previstos de R$ 5,6 bilh\u00f5es, o Porto Guar\u00e1 ser\u00e1 implantado na regi\u00e3o de Embocu\u00ed, \u00faltima \u00e1rea dispon\u00edvel para um Terminal de Uso Privado (TUP) em Paranagu\u00e1. O projeto inclui sete ber\u00e7os de atraca\u00e7\u00e3o, terminais de graneis s\u00f3lidos e l\u00edquidos, terminal de cont\u00eaineres, retro\u00e1reas para opera\u00e7\u00f5es log\u00edsticas, p\u00e1tios de caminh\u00f5es e a maior estrutura ferrovi\u00e1ria integrada a um complexo portu\u00e1rio multicargas da Am\u00e9rica Latina, com 21 quil\u00f4metros de ferrovias.<\/p>\n<p>O porto ter\u00e1 capacidade para movimentar 31,5 milh\u00f5es de toneladas por ano e gerar at\u00e9 6.400 empregos diretos e indiretos na fase operacional, com prioridade para contrata\u00e7\u00e3o e treinamento de m\u00e3o de obra local. As obras devem come\u00e7ar em 2026, ap\u00f3s as licen\u00e7as ambientais, com previs\u00e3o de in\u00edcio das opera\u00e7\u00f5es em 2028.<\/p>\n<p>Fonte: Portos e Navios<\/p>\n","protected":false},"excerpt":{"rendered":"<p>O Porto Guar\u00e1, em parceria com a Prefeitura de Paranagu\u00e1, realizou uma audi\u00eancia p\u00fablica, na \u00faltima quinta-feira (19), para apresentar o Estudo de Impacto de&#8230;<\/p>\n","protected":false},"author":1527,"featured_media":56105,"comment_status":"closed","ping_status":"closed","sticky":false,"template":"","format":"standard","meta":{"footnotes":""},"categories":[6],"tags":[],"class_list":["post-56103","post","type-post","status-publish","format-standard","has-post-thumbnail","hentry","category-noticias"],"_links":{"self":[{"href":"https:\/\/www.sincomam.org.br\/index.php\/wp-json\/wp\/v2\/posts\/56103","targetHints":{"allow":["GET"]}}],"collection":[{"href":"https:\/\/www.sincomam.org.br\/index.php\/wp-json\/wp\/v2\/posts"}],"about":[{"href":"https:\/\/www.sincomam.org.br\/index.php\/wp-json\/wp\/v2\/types\/post"}],"author":[{"embeddable":true,"href":"https:\/\/www.sincomam.org.br\/index.php\/wp-json\/wp\/v2\/users\/1527"}],"replies":[{"embeddable":true,"href":"https:\/\/www.sincomam.org.br\/index.php\/wp-json\/wp\/v2\/comments?post=56103"}],"version-history":[{"count":1,"href":"https:\/\/www.sincomam.org.br\/index.php\/wp-json\/wp\/v2\/posts\/56103\/revisions"}],"predecessor-version":[{"id":56106,"href":"https:\/\/www.sincomam.org.br\/index.php\/wp-json\/wp\/v2\/posts\/56103\/revisions\/56106"}],"wp:featuredmedia":[{"embeddable":true,"href":"https:\/\/www.sincomam.org.br\/index.php\/wp-json\/wp\/v2\/media\/56105"}],"wp:attachment":[{"href":"https:\/\/www.sincomam.org.br\/index.php\/wp-json\/wp\/v2\/media?parent=56103"}],"wp:term":[{"taxonomy":"category","embeddable":true,"href":"https:\/\/www.sincomam.org.br\/index.php\/wp-json\/wp\/v2\/categories?post=56103"},{"taxonomy":"post_tag","embeddable":true,"href":"https:\/\/www.sincomam.org.br\/index.php\/wp-json\/wp\/v2\/tags?post=56103"}],"curies":[{"name":"wp","href":"https:\/\/api.w.org\/{rel}","templated":true}]}}