{"id":56093,"date":"2024-12-20T12:12:28","date_gmt":"2024-12-20T15:12:28","guid":{"rendered":"http:\/\/www.sincomam.org.br\/?p=56093"},"modified":"2024-12-20T12:13:36","modified_gmt":"2024-12-20T15:13:36","slug":"portosrio-celebra-investimentos-de-r-35-bilhoes-na-area-leiloada-em-itaguai","status":"publish","type":"post","link":"https:\/\/www.sincomam.org.br\/index.php\/portosrio-celebra-investimentos-de-r-35-bilhoes-na-area-leiloada-em-itaguai\/","title":{"rendered":"PortosRio celebra investimentos de R$ 3,5 bilh\u00f5es na \u00e1rea leiloada em Itagua\u00ed"},"content":{"rendered":"<p>O terminal ITG02, no Porto de Itagua\u00ed (RJ), foi arrendado na \u00faltima quarta-feira (18) pela Cedro Participa\u00e7\u00f5es, em leil\u00e3o realizado na B3, em S\u00e3o Paulo. A concess\u00e3o, com contrato de 35 anos, prev\u00ea um investimento de R$ 3,5 bilh\u00f5es para a implanta\u00e7\u00e3o de um terminal especializado em gran\u00e9is s\u00f3lidos minerais. \u00danica participante do certame, a Cedro garantiu a concess\u00e3o com uma proposta de outorga de R$ 1 milh\u00e3o.<\/p>\n<p>O empreendimento ocupar\u00e1 uma \u00e1rea de 348.937 metros quadrados (m\u00b2) e ter\u00e1 capacidade para movimentar cerca de 20 milh\u00f5es de toneladas anuais, fortalecendo o Porto de Itagua\u00ed como um dos principais polos exportadores de min\u00e9rio de ferro do Brasil. A expectativa \u00e9 que, al\u00e9m de atender \u00e0 produ\u00e7\u00e3o de Minas Gerais, o projeto impulsionar\u00e1 o desenvolvimento socioecon\u00f4mico da regi\u00e3o, gerando milhares de empregos e aumentando a arrecada\u00e7\u00e3o tribut\u00e1ria.<\/p>\n<p>Estudos t\u00e9cnicos estimam a cria\u00e7\u00e3o de 2.800 empregos indiretos durante a constru\u00e7\u00e3o e mais 2.000 empregos diretos e indiretos na opera\u00e7\u00e3o. Al\u00e9m disso, o munic\u00edpio de Itagua\u00ed poder\u00e1 arrecadar at\u00e9 R$ 1,2 bilh\u00e3o em ISS ao longo do contrato. O terminal ser\u00e1 desenvolvido com padr\u00f5es de ecoefici\u00eancia.<\/p>\n<p>O diretor-presidente da PortosRio,\u00a0Francisco Martins, destacou a relev\u00e2ncia do terminal. \u201cA \u00e1rea ITG02 \u00e9 crucial para ampliar a infraestrutura log\u00edstica do estado do Rio de Janeiro e modernizar nossas opera\u00e7\u00f5es portu\u00e1rias. Este terminal refor\u00e7a o papel estrat\u00e9gico do Porto de Itagua\u00ed no com\u00e9rcio exterior brasileiro, promovendo sustentabilidade e competitividade global\u201d, afirmou Martins.<\/p>\n<p>Fonte: Portos e Navios<\/p>\n","protected":false},"excerpt":{"rendered":"<p>O terminal ITG02, no Porto de Itagua\u00ed (RJ), foi arrendado na \u00faltima quarta-feira (18) pela Cedro Participa\u00e7\u00f5es, em leil\u00e3o realizado na B3, em S\u00e3o Paulo&#8230;.<\/p>\n","protected":false},"author":1527,"featured_media":56097,"comment_status":"closed","ping_status":"closed","sticky":false,"template":"","format":"standard","meta":{"footnotes":""},"categories":[6],"tags":[],"class_list":["post-56093","post","type-post","status-publish","format-standard","has-post-thumbnail","hentry","category-noticias"],"_links":{"self":[{"href":"https:\/\/www.sincomam.org.br\/index.php\/wp-json\/wp\/v2\/posts\/56093","targetHints":{"allow":["GET"]}}],"collection":[{"href":"https:\/\/www.sincomam.org.br\/index.php\/wp-json\/wp\/v2\/posts"}],"about":[{"href":"https:\/\/www.sincomam.org.br\/index.php\/wp-json\/wp\/v2\/types\/post"}],"author":[{"embeddable":true,"href":"https:\/\/www.sincomam.org.br\/index.php\/wp-json\/wp\/v2\/users\/1527"}],"replies":[{"embeddable":true,"href":"https:\/\/www.sincomam.org.br\/index.php\/wp-json\/wp\/v2\/comments?post=56093"}],"version-history":[{"count":1,"href":"https:\/\/www.sincomam.org.br\/index.php\/wp-json\/wp\/v2\/posts\/56093\/revisions"}],"predecessor-version":[{"id":56096,"href":"https:\/\/www.sincomam.org.br\/index.php\/wp-json\/wp\/v2\/posts\/56093\/revisions\/56096"}],"wp:featuredmedia":[{"embeddable":true,"href":"https:\/\/www.sincomam.org.br\/index.php\/wp-json\/wp\/v2\/media\/56097"}],"wp:attachment":[{"href":"https:\/\/www.sincomam.org.br\/index.php\/wp-json\/wp\/v2\/media?parent=56093"}],"wp:term":[{"taxonomy":"category","embeddable":true,"href":"https:\/\/www.sincomam.org.br\/index.php\/wp-json\/wp\/v2\/categories?post=56093"},{"taxonomy":"post_tag","embeddable":true,"href":"https:\/\/www.sincomam.org.br\/index.php\/wp-json\/wp\/v2\/tags?post=56093"}],"curies":[{"name":"wp","href":"https:\/\/api.w.org\/{rel}","templated":true}]}}