{"id":56089,"date":"2024-12-20T12:10:54","date_gmt":"2024-12-20T15:10:54","guid":{"rendered":"http:\/\/www.sincomam.org.br\/?p=56089"},"modified":"2024-12-20T12:11:14","modified_gmt":"2024-12-20T15:11:14","slug":"governo-federal-assume-gestao-do-porto-de-itajai","status":"publish","type":"post","link":"https:\/\/www.sincomam.org.br\/index.php\/governo-federal-assume-gestao-do-porto-de-itajai\/","title":{"rendered":"Governo federal assume gest\u00e3o do Porto de Itaja\u00ed"},"content":{"rendered":"<p>O governo federal, por meio do Minist\u00e9rio de Portos e Aeroportos (MPor), iniciou na \u00faltima ter\u00e7a-feira (17) a retomada da gest\u00e3o do Porto de Itaja\u00ed (SC). O objetivo, segundo o MPor, \u00e9 assegurar a continuidade das opera\u00e7\u00f5es portu\u00e1rias, fomentando o desenvolvimento econ\u00f4mico de Santa Catarina e gerando empregos locais. Ap\u00f3s um per\u00edodo de paralisa\u00e7\u00e3o iniciado em 2022 devido a planos de privatiza\u00e7\u00e3o, o porto voltou a operar provisoriamente em dezembro de 2023 com a assinatura de um contrato no atual governo, recuperando seu potencial econ\u00f4mico.<\/p>\n<p>O MPor informou que a gest\u00e3o do Porto de Itaja\u00ed ficar\u00e1 a cargo da Autoridade Portu\u00e1ria de Santos (APS), selecionada por sua capacidade administrativa e solidez financeira. De acordo com o minist\u00e9rio, a decis\u00e3o foi resultado de debates internos no governo e visa assegurar opera\u00e7\u00f5es eficientes, preservar empregos e garantir a movimenta\u00e7\u00e3o sustent\u00e1vel de cargas, consolidando o porto como um ativo estrat\u00e9gico para a economia catarinense.<\/p>\n<p>Fonte: Portos e Navios<\/p>\n","protected":false},"excerpt":{"rendered":"<p>O governo federal, por meio do Minist\u00e9rio de Portos e Aeroportos (MPor), iniciou na \u00faltima ter\u00e7a-feira (17) a retomada da gest\u00e3o do Porto de Itaja\u00ed&#8230;<\/p>\n","protected":false},"author":1527,"featured_media":56091,"comment_status":"closed","ping_status":"closed","sticky":false,"template":"","format":"standard","meta":{"footnotes":""},"categories":[6],"tags":[],"class_list":["post-56089","post","type-post","status-publish","format-standard","has-post-thumbnail","hentry","category-noticias"],"_links":{"self":[{"href":"https:\/\/www.sincomam.org.br\/index.php\/wp-json\/wp\/v2\/posts\/56089","targetHints":{"allow":["GET"]}}],"collection":[{"href":"https:\/\/www.sincomam.org.br\/index.php\/wp-json\/wp\/v2\/posts"}],"about":[{"href":"https:\/\/www.sincomam.org.br\/index.php\/wp-json\/wp\/v2\/types\/post"}],"author":[{"embeddable":true,"href":"https:\/\/www.sincomam.org.br\/index.php\/wp-json\/wp\/v2\/users\/1527"}],"replies":[{"embeddable":true,"href":"https:\/\/www.sincomam.org.br\/index.php\/wp-json\/wp\/v2\/comments?post=56089"}],"version-history":[{"count":1,"href":"https:\/\/www.sincomam.org.br\/index.php\/wp-json\/wp\/v2\/posts\/56089\/revisions"}],"predecessor-version":[{"id":56092,"href":"https:\/\/www.sincomam.org.br\/index.php\/wp-json\/wp\/v2\/posts\/56089\/revisions\/56092"}],"wp:featuredmedia":[{"embeddable":true,"href":"https:\/\/www.sincomam.org.br\/index.php\/wp-json\/wp\/v2\/media\/56091"}],"wp:attachment":[{"href":"https:\/\/www.sincomam.org.br\/index.php\/wp-json\/wp\/v2\/media?parent=56089"}],"wp:term":[{"taxonomy":"category","embeddable":true,"href":"https:\/\/www.sincomam.org.br\/index.php\/wp-json\/wp\/v2\/categories?post=56089"},{"taxonomy":"post_tag","embeddable":true,"href":"https:\/\/www.sincomam.org.br\/index.php\/wp-json\/wp\/v2\/tags?post=56089"}],"curies":[{"name":"wp","href":"https:\/\/api.w.org\/{rel}","templated":true}]}}