{"id":56062,"date":"2024-12-19T07:57:43","date_gmt":"2024-12-19T10:57:43","guid":{"rendered":"http:\/\/www.sincomam.org.br\/?p=56062"},"modified":"2024-12-19T07:57:43","modified_gmt":"2024-12-19T10:57:43","slug":"reforma-tributaria-mudancas-agradam-setor-mas-precos-de-imoveis-e-alugueis-podem-subir","status":"publish","type":"post","link":"https:\/\/www.sincomam.org.br\/index.php\/reforma-tributaria-mudancas-agradam-setor-mas-precos-de-imoveis-e-alugueis-podem-subir\/","title":{"rendered":"Reforma tribut\u00e1ria: mudan\u00e7as agradam setor, mas pre\u00e7os de im\u00f3veis e alugu\u00e9is podem subir"},"content":{"rendered":"<div id=\"chunk-4jkg\">\n<div class=\"mc-column content-text active-extra-styles \" data-block-type=\"unstyled\" data-block-weight=\"37\" data-block-id=\"2\">\n<p class=\" content-text__container \" data-track-category=\"Link no Texto\" data-track-links=\"\" data-mrf-recirculation=\"Mat\u00e9ria - Links no Texto\">As\u00a0mudan\u00e7as recentemente aprovadas\u00a0pela\u00a0C\u00e2mara dos Deputados\u00a0na regulamenta\u00e7\u00e3o da reforma tribut\u00e1ria foram bem recebidas pelo setor imobili\u00e1rio, mas representantes das empresas ainda manifestam preocupa\u00e7\u00f5es sobre os poss\u00edveis aumentos nos pre\u00e7os de im\u00f3veis e de alugu\u00e9is.<\/p>\n<\/div>\n<\/div>\n<div class=\"wall protected-content\">\n<div id=\"chunk-1323q\">\n<div class=\"mc-column content-text active-extra-styles \" data-block-type=\"unstyled\" data-block-weight=\"40\" data-block-id=\"4\">\n<p class=\" content-text__container \" data-track-category=\"Link no Texto\" data-track-links=\"\" data-mrf-recirculation=\"Mat\u00e9ria - Links no Texto\">Para eles, o comprador pode encontrar valores mais altos em parte dos im\u00f3veis por conta de um leve aumento de carga tribut\u00e1ria, mesmo com o aumento dos redutores propostos para o segmento no texto da reforma.\u00a0<em>(entenda mais abaixo)<\/em><\/p>\n<\/div>\n<\/div>\n<div id=\"chunk-b8ivp\">\n<div class=\"mc-column content-text active-extra-styles \" data-block-type=\"unstyled\" data-block-weight=\"43\" data-block-id=\"5\">\n<p class=\" content-text__container \" data-track-category=\"Link no Texto\" data-track-links=\"\" data-mrf-recirculation=\"Mat\u00e9ria - Links no Texto\">O texto foi aprovado pela C\u00e2mara na \u00faltima ter\u00e7a-feira (17) e segue para san\u00e7\u00e3o do presidente\u00a0Luiz In\u00e1cio Lula da Silva\u00a0(PT), que ainda pode vetar trechos da proposta. Caso isso ocorra, deputados e senadores poder\u00e3o derrubar os vetos se discordarem do presidente.<\/p>\n<p data-track-category=\"Link no Texto\" data-track-links=\"\" data-mrf-recirculation=\"Mat\u00e9ria - Links no Texto\"><span class=\"highlight highlighted\">Cabe acrescentar que as mudan\u00e7as previstas pelo texto da reforma tribut\u00e1ria n\u00e3o s\u00e3o imediatas.<\/span>\u00a0O regime ser\u00e1 totalmente implementado em 2033, depois de uma transi\u00e7\u00e3o gradual que deve iniciar em 2026.<\/p>\n<div id=\"chunk-fh5bm\">\n<div class=\"mc-column content-text active-extra-styles\" data-block-type=\"raw\" data-block-weight=\"8\" data-block-id=\"9\">\n<div class=\"content-intertitle\">\n<h2>Como \u00e9 a tributa\u00e7\u00e3o do setor imobili\u00e1rio atualmente?<\/h2>\n<\/div>\n<p>Um levantamento recente feito pela C\u00e2mara Brasileira da Ind\u00fastria da Constru\u00e7\u00e3o (CBIC) indicou que a carga tribut\u00e1ria que incide atualmente sobre o setor imobili\u00e1rio varia entre 6,4% e 8%.<\/p>\n<\/div>\n<\/div>\n<div id=\"chunk-4e7lg\">\n<div class=\"mc-column content-text active-extra-styles\" data-block-type=\"raw\" data-block-weight=\"10\" data-block-id=\"11\">\n<p class=\"content-text__container\" data-mrf-recirculation=\"Mat\u00e9ria - Links no Texto\"><strong>Qual era a mudan\u00e7a proposta pela primeira vers\u00e3o da reforma?<\/strong><\/p>\n<p>A primeira vers\u00e3o do texto colocava as opera\u00e7\u00f5es com im\u00f3veis sujeitas \u00e0 al\u00edquota de 26,5%, mas com dois redutores que serviriam para ajustar a carga tribut\u00e1ria.<\/p>\n<\/div>\n<\/div>\n<div id=\"chunk-b8bpg\">\n<div class=\"mc-column content-text active-extra-styles \" data-block-type=\"unstyled\" data-block-weight=\"26\" data-block-id=\"12\">\n<p data-track-category=\"Link no Texto\" data-track-links=\"\" data-mrf-recirculation=\"Mat\u00e9ria - Links no Texto\"><strong>Pela vers\u00e3o anterior, os descontos propostos no IBS (municipal) e CBS (estadual) eram de:<\/strong><\/p>\n<div id=\"chunk-2lpfl\">\n<div class=\"mc-column content-text active-extra-styles\" data-block-type=\"raw\" data-block-weight=\"28\" data-block-id=\"15\">\n<ul class=\"content-unordered-list\">\n<li><strong>40%\u00a0<\/strong>em opera\u00e7\u00f5es com bens im\u00f3veis (que tende a ser cobrado principalmente de incorporadoras e construtoras);<\/li>\n<li><strong>60%<\/strong>\u00a0em opera\u00e7\u00f5es de loca\u00e7\u00e3o, cess\u00e3o onerosa e arrendamento de bens im\u00f3veis.<\/li>\n<\/ul>\n<p><strong>Como ficou a tributa\u00e7\u00e3o proposta pelo novo texto?<\/strong><\/p>\n<\/div>\n<\/div>\n<div id=\"chunk-em3b\">\n<div class=\"mc-column content-text active-extra-styles\" data-block-type=\"raw\" data-block-weight=\"8\" data-block-id=\"16\">\n<p>O novo texto ainda estabelece que as opera\u00e7\u00f5es imobili\u00e1rias de pessoas f\u00edsicas ou jur\u00eddicas ser\u00e3o tributadas com o CBS e o IBS, mas traz algumas mudan\u00e7as importantes em rela\u00e7\u00e3o \u00e0 primeira vers\u00e3o do projeto.<\/p>\n<\/div>\n<\/div>\n<div id=\"chunk-27ml8\">\n<div class=\"mc-column content-text active-extra-styles \" data-block-type=\"unstyled\" data-block-weight=\"42\" data-block-id=\"18\">\n<p class=\" content-text__container \" data-track-category=\"Link no Texto\" data-track-links=\"\" data-mrf-recirculation=\"Mat\u00e9ria - Links no Texto\">Uma delas, por exemplo, estabelece que\u00a0<span class=\"highlight highlighted\">as pessoas f\u00edsicas que, por ano, arrecadarem abaixo de R$ 240 mil com o aluguel de im\u00f3veis n\u00e3o ser\u00e3o tributadas<\/span>.\u00a0J\u00e1 aquelas que tiverem obtido renda anual com aluguel acima desse valor, dever\u00e3o o tributo.<\/p>\n<\/div>\n<\/div>\n<div id=\"chunk-5tqs5\">\n<div class=\"mc-column content-text active-extra-styles \" data-block-type=\"unstyled\" data-block-weight=\"24\" data-block-id=\"19\">\n<p class=\" content-text__container \" data-track-category=\"Link no Texto\" data-track-links=\"\" data-mrf-recirculation=\"Mat\u00e9ria - Links no Texto\">Al\u00e9m disso, o projeto cria dois redutores \u2014 um social e o das al\u00edquotas de tributa\u00e7\u00e3o \u2014 para ajustar a carga tribut\u00e1ria do setor.<\/p>\n<\/div>\n<\/div>\n<div id=\"chunk-ej99e\">\n<div class=\"mc-column content-text active-extra-styles \" data-block-type=\"unstyled\" data-block-weight=\"39\" data-block-id=\"20\">\n<p class=\" content-text__container \" data-track-category=\"Link no Texto\" data-track-links=\"\" data-mrf-recirculation=\"Mat\u00e9ria - Links no Texto\">\u25b6\ufe0f\u00a0<strong>Redutor social<\/strong>: ser\u00e1 aplicado nas opera\u00e7\u00f5es de compras de im\u00f3veis e lotes residenciais; e no aluguel residencial. O mecanismo reduz a base de c\u00e1lculo da tributa\u00e7\u00e3o. O objetivo \u00e9 beneficiar fam\u00edlias com renda mais baixa e im\u00f3veis populares.<\/p>\n<\/div>\n<\/div>\n<div id=\"chunk-7579f\">\n<div class=\"mc-column content-text active-extra-styles \" data-block-type=\"unstyled\" data-block-weight=\"26\" data-block-id=\"21\">\n<p class=\" content-text__container \" data-track-category=\"Link no Texto\" data-track-links=\"\" data-mrf-recirculation=\"Mat\u00e9ria - Links no Texto\">\u00a0<em>Por exemplo, se o redutor for de R$ 400 e o aluguel de um apartamento R$ 1 mil, o imposto incidir\u00e1 somente sobre R$ 600.<\/em><\/p>\n<\/div>\n<\/div>\n<div id=\"chunk-7dpvl\">\n<div class=\"tag-manager-publicidade-container mc-has-reveal mc-has-ad-lazyload tag-manager-publicidade-banner_materia__66a1935c-775c-4396-a0a1-c5006b162378 tag-manager-publicidade-container--carregado tag-manager-publicidade-container--visivel\" data-id=\"banner_materia__66a1935c-775c-4396-a0a1-c5006b162378\" data-google-query-id=\"CI_SltbVs4oDFVVKuAQd1skubg\">\n<div id=\"chunk-28ckr\">\n<div class=\"mc-column content-text active-extra-styles \" data-block-type=\"unstyled\" data-block-weight=\"7\" data-block-id=\"23\">\n<p class=\" content-text__container \" data-track-category=\"Link no Texto\" data-track-links=\"\" data-mrf-recirculation=\"Mat\u00e9ria - Links no Texto\"><strong>Pela proposta, o redutor social ser\u00e1 de:<\/strong><\/p>\n<\/div>\n<\/div>\n<div id=\"chunk-2lmaa\">\n<div class=\"mc-column content-text active-extra-styles\" data-block-type=\"raw\" data-block-weight=\"25\" data-block-id=\"24\">\n<ul class=\"content-unordered-list\">\n<li><strong>R$ 100 mil<\/strong>\u00a0na compra de im\u00f3veis novos;<\/li>\n<li><strong>R$ 30 mil\u00a0<\/strong>na compra de lote residencial; e<\/li>\n<li><strong>R$ 600\u00a0<\/strong>para o aluguel de im\u00f3veis residenciais.<\/li>\n<\/ul>\n<p>Os valores ser\u00e3o atualizados mensalmente, depois da eventual san\u00e7\u00e3o da proposta, pelo \u00cdndice Nacional de Pre\u00e7os ao Consumidor Amplo (IPCA), considerado a infla\u00e7\u00e3o oficial do Brasil.<\/p>\n<\/div>\n<\/div>\n<div id=\"chunk-dkirs\">\n<div class=\"mc-column content-text active-extra-styles \" data-block-type=\"unstyled\" data-block-weight=\"23\" data-block-id=\"26\">\n<p class=\" content-text__container \" data-track-category=\"Link no Texto\" data-track-links=\"\" data-mrf-recirculation=\"Mat\u00e9ria - Links no Texto\">\u25b6\ufe0f\u00a0<strong>Corte na al\u00edquota<\/strong>: a proposta estabelece tamb\u00e9m que haver\u00e1 cortes lineares nas al\u00edquotas do IBS e da CBS aplicadas em transa\u00e7\u00f5es imobili\u00e1rias.<\/p>\n<\/div>\n<\/div>\n<div id=\"chunk-a4dtq\">\n<div class=\"mc-column content-text active-extra-styles \" data-block-type=\"unstyled\" data-block-weight=\"8\" data-block-id=\"27\">\n<p class=\" content-text__container \" data-track-category=\"Link no Texto\" data-track-links=\"\" data-mrf-recirculation=\"Mat\u00e9ria - Links no Texto\"><strong>Segundo o texto, a al\u00edquota-comum ser\u00e1 reduzida em:<\/strong><\/p>\n<\/div>\n<\/div>\n<div id=\"chunk-3n34l\">\n<div class=\"mc-column content-text active-extra-styles\" data-block-type=\"raw\" data-block-weight=\"17\" data-block-id=\"28\">\n<ul class=\"content-unordered-list\">\n<li><strong>50%\u00a0<\/strong>em todas as opera\u00e7\u00f5es com im\u00f3veis; e<\/li>\n<li><strong>70%\u00a0<\/strong>nas opera\u00e7\u00f5es de loca\u00e7\u00e3o, cess\u00e3o onerosa e arrendamento.<\/li>\n<\/ul>\n<\/div>\n<\/div>\n<div id=\"chunk-bhuc4\">\n<div class=\"bs-video-block mc-column   content-media content-video\" data-block-type=\"backstage-video\" data-block-id=\"29\">\n<div class=\"content-media__container\">\n<div class=\"content-video__bigger-player-description-fixer\">\n<article class=\"content-video\" data-ts-view=\"1734605688217\">\n<section class=\"content-video__video-container\">\n<div class=\"content-video__video\">\n<div id=\"wp3-player-2\" class=\"clappr-player\" tabindex=\"9999\" data-player=\"\">\n<div class=\"media-control media-control-hide h720 w960\">\n<div class=\"media-control-panel\">\n<div class=\"media-control-panel__lower\" data-controls=\"\">\n<div class=\"opposites-container\">\n<div class=\"media-control-position__right\"><\/div>\n<\/div>\n<\/div>\n<div class=\"media-control-panel__front-layer\">\n<div class=\"media-control-position__right\"><strong>Quando as mudan\u00e7as devem acontecer?<\/strong><\/div>\n<\/div>\n<div class=\"media-control-panel__modal\">\n<div id=\"chunk-4utf9\">\n<div class=\"mc-column content-text active-extra-styles\" data-block-type=\"raw\" data-block-weight=\"5\" data-block-id=\"41\">\n<p>O texto da reforma tribut\u00e1ria prop\u00f5e um per\u00edodo de transi\u00e7\u00e3o at\u00e9 que os novos impostos passem a valer. <span class=\"highlight highlighted\">A ideia \u00e9 que haja uma mudan\u00e7a gradual a partir de 2026, com o regime sendo totalmente implementado em 2033.<\/span><\/p>\n<\/div>\n<\/div>\n<div id=\"chunk-30o1a\">\n<div class=\"mc-column content-text active-extra-styles \" data-block-type=\"unstyled\" data-block-weight=\"29\" data-block-id=\"43\">\n<p class=\" content-text__container \" data-track-category=\"Link no Texto\" data-track-links=\"\" data-mrf-recirculation=\"Mat\u00e9ria - Links no Texto\">Segundo Fran\u00e7a, da Abrainc, a nova vers\u00e3o do projeto tamb\u00e9m estabelece um per\u00edodo de transi\u00e7\u00e3o mais claro para o setor, diminuindo a inseguran\u00e7a jur\u00eddica quanto aos contratos firmados.<\/p>\n<\/div>\n<\/div>\n<div id=\"chunk-bi19o\">\n<div class=\"mc-column content-text active-extra-styles \" data-block-type=\"unstyled\" data-block-weight=\"2\" data-block-id=\"44\">\n<p class=\" content-text__container \" data-track-category=\"Link no Texto\" data-track-links=\"\" data-mrf-recirculation=\"Mat\u00e9ria - Links no Texto\"><strong>Veja abaixo:<\/strong><\/p>\n<\/div>\n<\/div>\n<div id=\"chunk-4v3l7\">\n<div class=\"mc-column content-text active-extra-styles\" data-block-type=\"raw\" data-block-weight=\"99\" data-block-id=\"45\">\n<ul class=\"content-unordered-list\">\n<li>No caso de incorpora\u00e7\u00e3o imobili\u00e1ria foi mantida a tributa\u00e7\u00e3o cumulativa do Regime Especial Tribut\u00e1rio (RET) para quem teve o pedido efetivado at\u00e9 31 de dezembro de 2028;<\/li>\n<li>No caso de parcelamento de solo (loteamento ou desmembramento), foi permitido que o contribuinte que realize aliena\u00e7\u00e3o de im\u00f3vel at\u00e9 31 de dezembro de 2028 seja tributado pelo CBS com base na receita bruta, \u00e0 al\u00edquota de 3,65%;<\/li>\n<li>No caso de loca\u00e7\u00e3o, cess\u00e3o onerosa ou arrendamento de im\u00f3vel, foram criados crit\u00e9rios para que o contribuinte possa optar pelo recolhimento de IBS e CBS com base na receita bruta, \u00e0 al\u00edquota de 3,65%.<\/li>\n<\/ul>\n<p>Fonte: G1<\/p>\n<\/div>\n<\/div>\n<\/div>\n<\/div>\n<\/div>\n<\/div>\n<\/div>\n<\/section>\n<\/article>\n<\/div>\n<\/div>\n<\/div>\n<\/div>\n<\/div>\n<\/div>\n<\/div>\n<\/div>\n<\/div>\n<\/div>\n<\/div>\n","protected":false},"excerpt":{"rendered":"<p>As\u00a0mudan\u00e7as recentemente aprovadas\u00a0pela\u00a0C\u00e2mara dos Deputados\u00a0na regulamenta\u00e7\u00e3o da reforma tribut\u00e1ria foram bem recebidas pelo setor imobili\u00e1rio, mas representantes das empresas ainda manifestam preocupa\u00e7\u00f5es sobre os poss\u00edveis&#8230;<\/p>\n","protected":false},"author":1527,"featured_media":56064,"comment_status":"closed","ping_status":"closed","sticky":false,"template":"","format":"standard","meta":{"footnotes":""},"categories":[6],"tags":[],"class_list":["post-56062","post","type-post","status-publish","format-standard","has-post-thumbnail","hentry","category-noticias"],"_links":{"self":[{"href":"https:\/\/www.sincomam.org.br\/index.php\/wp-json\/wp\/v2\/posts\/56062","targetHints":{"allow":["GET"]}}],"collection":[{"href":"https:\/\/www.sincomam.org.br\/index.php\/wp-json\/wp\/v2\/posts"}],"about":[{"href":"https:\/\/www.sincomam.org.br\/index.php\/wp-json\/wp\/v2\/types\/post"}],"author":[{"embeddable":true,"href":"https:\/\/www.sincomam.org.br\/index.php\/wp-json\/wp\/v2\/users\/1527"}],"replies":[{"embeddable":true,"href":"https:\/\/www.sincomam.org.br\/index.php\/wp-json\/wp\/v2\/comments?post=56062"}],"version-history":[{"count":1,"href":"https:\/\/www.sincomam.org.br\/index.php\/wp-json\/wp\/v2\/posts\/56062\/revisions"}],"predecessor-version":[{"id":56065,"href":"https:\/\/www.sincomam.org.br\/index.php\/wp-json\/wp\/v2\/posts\/56062\/revisions\/56065"}],"wp:featuredmedia":[{"embeddable":true,"href":"https:\/\/www.sincomam.org.br\/index.php\/wp-json\/wp\/v2\/media\/56064"}],"wp:attachment":[{"href":"https:\/\/www.sincomam.org.br\/index.php\/wp-json\/wp\/v2\/media?parent=56062"}],"wp:term":[{"taxonomy":"category","embeddable":true,"href":"https:\/\/www.sincomam.org.br\/index.php\/wp-json\/wp\/v2\/categories?post=56062"},{"taxonomy":"post_tag","embeddable":true,"href":"https:\/\/www.sincomam.org.br\/index.php\/wp-json\/wp\/v2\/tags?post=56062"}],"curies":[{"name":"wp","href":"https:\/\/api.w.org\/{rel}","templated":true}]}}