{"id":56049,"date":"2024-12-19T07:46:11","date_gmt":"2024-12-19T10:46:11","guid":{"rendered":"http:\/\/www.sincomam.org.br\/?p=56049"},"modified":"2024-12-19T07:46:11","modified_gmt":"2024-12-19T10:46:11","slug":"governo-federal-assume-a-gestao-do-porto-de-itajai","status":"publish","type":"post","link":"https:\/\/www.sincomam.org.br\/index.php\/governo-federal-assume-a-gestao-do-porto-de-itajai\/","title":{"rendered":"Governo Federal assume a gest\u00e3o do Porto de Itaja\u00ed"},"content":{"rendered":"<p>O Governo Federal, por meio do Minist\u00e9rio de Portos e Aeroportos (MPor), deu in\u00edcio nesta ter\u00e7a-feira (17) \u00e0 retomada da gest\u00e3o do Porto de Itaja\u00ed, visando fomentar o desenvolvimento econ\u00f4mico do estado de Santa Catarina, impulsionar a gera\u00e7\u00e3o de emprego e renda e garantir a continuidade das opera\u00e7\u00f5es portu\u00e1rias.<\/p>\n<p>O porto teve as atividades paralisadas em 2022, quando a inten\u00e7\u00e3o do Governo Federal, na \u00e9poca, era a privatiza\u00e7\u00e3o. Em dezembro de 2023, j\u00e1 no atual governo, o porto teve o contrato provis\u00f3rio assinado; possibilitando, assim, a retomada das atividades, regulariza\u00e7\u00e3o do porto, bem como a retorno do interesse econ\u00f4mico do porto catarinense.<\/p>\n<p>A decis\u00e3o de assumir a gest\u00e3o do Porto de Itaja\u00ed foi tomada ap\u00f3s um amplo debate dentro do governo. Decidiu-se que a gest\u00e3o ser\u00e1 feita pela Autoridade Portu\u00e1ria de Santos (APS). A escolha seguiu a recomenda\u00e7\u00e3o de que a administra\u00e7\u00e3o do Porto de Itaja\u00ed fosse atribu\u00edda a uma empresa com forte capacidade de gest\u00e3o e estabilidade financeira, a fim de garantir a continuidade das opera\u00e7\u00f5es, a preserva\u00e7\u00e3o dos postos de trabalho e a movimenta\u00e7\u00e3o eficiente de cargas.<\/p>\n<p>O ministro de Portos e Aeroportos, Silvio Costa Filho, destacou que \u201co trabalho conjunto entre os dois portos fortalece a competitividade log\u00edstica, facilita a otimiza\u00e7\u00e3o de rotas e opera\u00e7\u00f5es e melhora a efici\u00eancia no atendimento ao mercado internacional, impulsionando o desenvolvimento econ\u00f4mico de ambas as regi\u00f5es\u201d, disse.<\/p>\n<p>Fonte: Minist\u00e9rio de Portos e Aeroportos<\/p>\n","protected":false},"excerpt":{"rendered":"<p>O Governo Federal, por meio do Minist\u00e9rio de Portos e Aeroportos (MPor), deu in\u00edcio nesta ter\u00e7a-feira (17) \u00e0 retomada da gest\u00e3o do Porto de Itaja\u00ed,&#8230;<\/p>\n","protected":false},"author":1527,"featured_media":56051,"comment_status":"closed","ping_status":"closed","sticky":false,"template":"","format":"standard","meta":{"footnotes":""},"categories":[6],"tags":[],"class_list":["post-56049","post","type-post","status-publish","format-standard","has-post-thumbnail","hentry","category-noticias"],"_links":{"self":[{"href":"https:\/\/www.sincomam.org.br\/index.php\/wp-json\/wp\/v2\/posts\/56049","targetHints":{"allow":["GET"]}}],"collection":[{"href":"https:\/\/www.sincomam.org.br\/index.php\/wp-json\/wp\/v2\/posts"}],"about":[{"href":"https:\/\/www.sincomam.org.br\/index.php\/wp-json\/wp\/v2\/types\/post"}],"author":[{"embeddable":true,"href":"https:\/\/www.sincomam.org.br\/index.php\/wp-json\/wp\/v2\/users\/1527"}],"replies":[{"embeddable":true,"href":"https:\/\/www.sincomam.org.br\/index.php\/wp-json\/wp\/v2\/comments?post=56049"}],"version-history":[{"count":1,"href":"https:\/\/www.sincomam.org.br\/index.php\/wp-json\/wp\/v2\/posts\/56049\/revisions"}],"predecessor-version":[{"id":56052,"href":"https:\/\/www.sincomam.org.br\/index.php\/wp-json\/wp\/v2\/posts\/56049\/revisions\/56052"}],"wp:featuredmedia":[{"embeddable":true,"href":"https:\/\/www.sincomam.org.br\/index.php\/wp-json\/wp\/v2\/media\/56051"}],"wp:attachment":[{"href":"https:\/\/www.sincomam.org.br\/index.php\/wp-json\/wp\/v2\/media?parent=56049"}],"wp:term":[{"taxonomy":"category","embeddable":true,"href":"https:\/\/www.sincomam.org.br\/index.php\/wp-json\/wp\/v2\/categories?post=56049"},{"taxonomy":"post_tag","embeddable":true,"href":"https:\/\/www.sincomam.org.br\/index.php\/wp-json\/wp\/v2\/tags?post=56049"}],"curies":[{"name":"wp","href":"https:\/\/api.w.org\/{rel}","templated":true}]}}