{"id":55967,"date":"2024-12-16T07:46:47","date_gmt":"2024-12-16T10:46:47","guid":{"rendered":"http:\/\/www.sincomam.org.br\/?p=55967"},"modified":"2024-12-16T07:46:47","modified_gmt":"2024-12-16T10:46:47","slug":"marinha-do-brasil-realiza-parada-naval-no-rio-de-janeiro","status":"publish","type":"post","link":"https:\/\/www.sincomam.org.br\/index.php\/marinha-do-brasil-realiza-parada-naval-no-rio-de-janeiro\/","title":{"rendered":"Marinha do Brasil realiza Parada Naval no Rio de Janeiro"},"content":{"rendered":"<p>Sob o c\u00e9u azul e a vista deslumbrante da orla carioca, a Marinha do Brasil realizou, no \u00faltimo dia 13, a Parada Naval 2024. Com 11 imponentes embarca\u00e7\u00f5es cruzando as \u00e1guas do Recreio dos Bandeirantes ao Forte do Leme, o evento celebrou o Dia do Marinheiro e ressaltou a relev\u00e2ncia da Marinha na prote\u00e7\u00e3o do territ\u00f3rio nacional.<\/p>\n<h3><strong>O Poder Naval em Exibi\u00e7\u00e3o<\/strong><\/h3>\n<p>A Parada Naval 2024 destacou a for\u00e7a e a capacidade operacional da Marinha do Brasil. Entre os 11 navios participantes, estavam tr\u00eas fragatas \u2013 \u201cDefensora\u201d, \u201cLiberal\u201d e \u201cUni\u00e3o\u201d \u2013 reconhecidas por sua versatilidade em opera\u00e7\u00f5es de escolta e defesa. O desfile contou ainda com dois submarinos, o \u201cTikuna\u201d e o rec\u00e9m-incorporado \u201cHumait\u00e1\u201d, este \u00faltimo equipado com tecnologia avan\u00e7ada que representa um marco no Programa de Desenvolvimento de Submarinos (Prosub).<\/p>\n<p>Outro destaque foi o Navio de Pesquisa Hidroceanogr\u00e1fico \u201cVital de Oliveira\u201d, fundamental para o mapeamento e monitoramento da Amaz\u00f4nia Azul, \u00e1rea de grande interesse estrat\u00e9gico para o\u00a0Brasil. A frota exibiu a diversidade de meios que sustentam as opera\u00e7\u00f5es navais, refor\u00e7ando o compromisso da Marinha com a prote\u00e7\u00e3o do territ\u00f3rio mar\u00edtimo nacional e de suas riquezas naturais.<\/p>\n<h3><strong>Tradi\u00e7\u00e3o e Homenagem no Dia do Marinheiro<\/strong><\/h3>\n<p>O Dia do Marinheiro \u00e9 celebrado em 13 de dezembro em mem\u00f3ria de Joaquim Marques Lisboa, o Almirante Tamandar\u00e9, patrono da\u00a0Marinha do Brasil. Sua lideran\u00e7a e dedica\u00e7\u00e3o \u00e0 p\u00e1tria o tornaram um \u00edcone de coragem e lealdade, virtudes que continuam a inspirar os militares da For\u00e7a.<\/p>\n<p>A Parada Naval \u00e9 mais do que um desfile: \u00e9 uma homenagem aos homens e mulheres que dedicam suas vidas ao servi\u00e7o naval. Muitos desses militares enfrentam longas jornadas no mar, desempenhando miss\u00f5es que v\u00e3o desde a defesa territorial at\u00e9 a\u00e7\u00f5es de car\u00e1ter humanit\u00e1rio. \u201c\u00c9 uma data especial para reafirmarmos nossa admira\u00e7\u00e3o por esses profissionais e sua miss\u00e3o em prol do Brasil\u201d, declarou um dos espectadores do evento.<\/p>\n<h3><strong>O Impacto da Parada Naval para a Sociedade<\/strong><\/h3>\n<p>A presen\u00e7a da Marinha do Brasil nas \u00e1guas do Rio de Janeiro atraiu milhares de espectadores, que se emocionaram com o desfile. Al\u00e9m de ser um espet\u00e1culo visual, o evento refor\u00e7a a liga\u00e7\u00e3o entre a institui\u00e7\u00e3o e a popula\u00e7\u00e3o, aproximando os cidad\u00e3os do trabalho di\u00e1rio realizado pela For\u00e7a.<\/p>\n<p>Eventos como a Parada Naval tamb\u00e9m s\u00e3o uma oportunidade de conscientiza\u00e7\u00e3o sobre a import\u00e2ncia da Amaz\u00f4nia Azul, uma \u00e1rea mar\u00edtima estrat\u00e9gica que representa cerca de 5,7 milh\u00f5es de quil\u00f4metros quadrados. A atua\u00e7\u00e3o da Marinha na regi\u00e3o \u00e9 crucial para a prote\u00e7\u00e3o de recursos naturais, como petr\u00f3leo, g\u00e1s e biodiversidade marinha.<\/p>\n<p>A repercuss\u00e3o do desfile foi ampla, com destaque na m\u00eddia e nas redes sociais. Imagens e v\u00eddeos dos imponentes navios foram amplamente compartilhados, aumentando a visibilidade do trabalho da Marinha e sua relev\u00e2ncia para o pa\u00eds.<\/p>\n<p>Fonte: Defesa em Foco<\/p>\n","protected":false},"excerpt":{"rendered":"<p>Sob o c\u00e9u azul e a vista deslumbrante da orla carioca, a Marinha do Brasil realizou, no \u00faltimo dia 13, a Parada Naval 2024. Com&#8230;<\/p>\n","protected":false},"author":1527,"featured_media":55969,"comment_status":"closed","ping_status":"closed","sticky":false,"template":"","format":"standard","meta":{"footnotes":""},"categories":[6],"tags":[],"class_list":["post-55967","post","type-post","status-publish","format-standard","has-post-thumbnail","hentry","category-noticias"],"_links":{"self":[{"href":"https:\/\/www.sincomam.org.br\/index.php\/wp-json\/wp\/v2\/posts\/55967","targetHints":{"allow":["GET"]}}],"collection":[{"href":"https:\/\/www.sincomam.org.br\/index.php\/wp-json\/wp\/v2\/posts"}],"about":[{"href":"https:\/\/www.sincomam.org.br\/index.php\/wp-json\/wp\/v2\/types\/post"}],"author":[{"embeddable":true,"href":"https:\/\/www.sincomam.org.br\/index.php\/wp-json\/wp\/v2\/users\/1527"}],"replies":[{"embeddable":true,"href":"https:\/\/www.sincomam.org.br\/index.php\/wp-json\/wp\/v2\/comments?post=55967"}],"version-history":[{"count":1,"href":"https:\/\/www.sincomam.org.br\/index.php\/wp-json\/wp\/v2\/posts\/55967\/revisions"}],"predecessor-version":[{"id":55970,"href":"https:\/\/www.sincomam.org.br\/index.php\/wp-json\/wp\/v2\/posts\/55967\/revisions\/55970"}],"wp:featuredmedia":[{"embeddable":true,"href":"https:\/\/www.sincomam.org.br\/index.php\/wp-json\/wp\/v2\/media\/55969"}],"wp:attachment":[{"href":"https:\/\/www.sincomam.org.br\/index.php\/wp-json\/wp\/v2\/media?parent=55967"}],"wp:term":[{"taxonomy":"category","embeddable":true,"href":"https:\/\/www.sincomam.org.br\/index.php\/wp-json\/wp\/v2\/categories?post=55967"},{"taxonomy":"post_tag","embeddable":true,"href":"https:\/\/www.sincomam.org.br\/index.php\/wp-json\/wp\/v2\/tags?post=55967"}],"curies":[{"name":"wp","href":"https:\/\/api.w.org\/{rel}","templated":true}]}}