{"id":5596,"date":"2014-05-21T09:21:11","date_gmt":"2014-05-21T12:21:11","guid":{"rendered":"http:\/\/www.sincomam.org.br\/?p=5596"},"modified":"2014-05-21T09:21:11","modified_gmt":"2014-05-21T12:21:11","slug":"renan-calheiros-empurra-para-proxima-semana-prazo-para-inicio-da-cpi-mista","status":"publish","type":"post","link":"https:\/\/www.sincomam.org.br\/index.php\/renan-calheiros-empurra-para-proxima-semana-prazo-para-inicio-da-cpi-mista\/","title":{"rendered":"Renan Calheiros empurra para pr\u00f3xima semana prazo para in\u00edcio da CPI Mista"},"content":{"rendered":"<p><strong><em>PT pressionou porque precisa ganhar tempo para consolidar a CPI do Senado<\/em><\/strong><\/p>\n<p>O Presidente do Senado, Renan Calheiros (PMDB-AL), anunciou na noite desta ter\u00e7a-feira (20), durante sess\u00e3o do Congresso Nacional, que a instala\u00e7\u00e3o da CPI Mista, composta por senadores e deputados, para investigar a Petrobras, s\u00f3 poder\u00e1 ser instalada na quarta-feira da semana que vem. Cedendo a uma manobra governista, Renan decidiu estender at\u00e9 a pr\u00f3xima ter\u00e7a-feira o prazo para indica\u00e7\u00e3o dos integrantes do PT e de outros partidos da base que faltam para compor a comiss\u00e3o.<\/p>\n<p>&#8211; Vou observar os mesmos prazos que observei para a CPI do Senado. Na pr\u00f3xima ter\u00e7a, vamos indicar os nomes dos partidos que n\u00e3o indicarem, e na quarta j\u00e1 pode haver a primeira reuni\u00e3o da CPMI &#8211; disse Renan.<\/p>\n<p>O PT pressionou para jogar a indica\u00e7\u00e3o dos nomes que faltam na comiss\u00e3o para a ter\u00e7a-feira da semana que vem porque quer ganhar tempo para consolidar a CPI do Senado antes da mista ser instalada, na estrat\u00e9gia de esvaziar a comiss\u00e3o onde o governo tem maioria menos favor\u00e1vel.<\/p>\n<p>Mais cedo, a oposi\u00e7\u00e3o lan\u00e7ou um site para pressionar pela instala\u00e7\u00e3o da CPI mista da Petrobras, j\u00e1 que considera a comiss\u00e3o parlamentar de inqu\u00e9rito do Senado &#8220;chapa branca&#8221;, por ser controlada pelo governo. O site exp\u00f5e os partidos da base aliada que ainda n\u00e3o indicaram os membros da CPI Mista. S\u00e3o eles o PT e o PROS na C\u00e2mara, e PT, PDT, PMDB e PP do Senado.<\/p>\n<p>&#8211; H\u00e1 um movimento da base governista para impedir a instala\u00e7\u00e3o da CPI mista, porque querem a CPI chapa branca do Senado &#8211; afirmou o l\u00edder do DEM, deputado Mendon\u00e7a Filho (PE). Segundo ele, a oposi\u00e7\u00e3o vai tentar obter qu\u00f3rum amanh\u00e3 para eleger o presidente da CPI mista, independente da indica\u00e7\u00e3o ou n\u00e3o dos membros da base do governo.<\/p>\n<p>Deputados da base governista tentaram usar, nesta ter\u00e7a-feira, uma sess\u00e3o em homenagem a Luiz Carlos Prestes para tentar protelar a contagem de prazo para a instala\u00e7\u00e3o da CPI mista da Petrobras. Houve bate-boca no plen\u00e1rio da C\u00e2mara.<\/p>\n<p>A deputada Alice Portugal (PCdoB-BA) acusou, aos gritos, o secret\u00e1rio-geral da Mesa Diretora da C\u00e2mara, Mozart Vianna, de encerrar abruptamente a sess\u00e3o em homenagem a Prestes: &#8211; Fui agredida! Houve press\u00e3o desmedida para encerrar a sess\u00e3o!<\/p>\n<p>O secret\u00e1rio-geral da Mesa afirmou que apenas cumpriu o regimento da C\u00e2mara, que determina o in\u00edcio das sess\u00f5es ordin\u00e1rias \u00e0s 14h. Se esse hor\u00e1rio n\u00e3o fosse cumprido, a sess\u00e3o se tornaria extraordin\u00e1ria e n\u00e3o contaria prazo para a cria\u00e7\u00e3o da CPI mista da Petrobras. A sess\u00e3o ordin\u00e1ria desta quinta-feira \u00e9 a \u00faltima para a contagem de prazo para a instala\u00e7\u00e3o da CPI mista.<\/p>\n<p>&#8211; Essa \u00e9 uma quest\u00e3o pol\u00edtica. Eles (governistas) estavam usando a sess\u00e3o de homenagem para tentar protelar (a CPI mista) &#8211; disse o deputado Vanderlei Macris (PSDB-SP).<\/p>\n<p>Fonte: O Globo<\/p>\n","protected":false},"excerpt":{"rendered":"<p>PT pressionou porque precisa ganhar tempo para consolidar a CPI do Senado O Presidente do Senado, Renan Calheiros (PMDB-AL), anunciou na noite desta ter\u00e7a-feira (20),&#8230;<\/p>\n","protected":false},"author":1182,"featured_media":5483,"comment_status":"closed","ping_status":"closed","sticky":false,"template":"","format":"standard","meta":{"footnotes":""},"categories":[6],"tags":[1247,831,58,1248,1054,1201],"class_list":["post-5596","post","type-post","status-publish","format-standard","has-post-thumbnail","hentry","category-noticias","tag-adiada","tag-cpi","tag-petrobras","tag-proxima","tag-renan-calheiros","tag-semana"],"_links":{"self":[{"href":"https:\/\/www.sincomam.org.br\/index.php\/wp-json\/wp\/v2\/posts\/5596","targetHints":{"allow":["GET"]}}],"collection":[{"href":"https:\/\/www.sincomam.org.br\/index.php\/wp-json\/wp\/v2\/posts"}],"about":[{"href":"https:\/\/www.sincomam.org.br\/index.php\/wp-json\/wp\/v2\/types\/post"}],"author":[{"embeddable":true,"href":"https:\/\/www.sincomam.org.br\/index.php\/wp-json\/wp\/v2\/users\/1182"}],"replies":[{"embeddable":true,"href":"https:\/\/www.sincomam.org.br\/index.php\/wp-json\/wp\/v2\/comments?post=5596"}],"version-history":[{"count":1,"href":"https:\/\/www.sincomam.org.br\/index.php\/wp-json\/wp\/v2\/posts\/5596\/revisions"}],"predecessor-version":[{"id":5597,"href":"https:\/\/www.sincomam.org.br\/index.php\/wp-json\/wp\/v2\/posts\/5596\/revisions\/5597"}],"wp:featuredmedia":[{"embeddable":true,"href":"https:\/\/www.sincomam.org.br\/index.php\/wp-json\/wp\/v2\/media\/5483"}],"wp:attachment":[{"href":"https:\/\/www.sincomam.org.br\/index.php\/wp-json\/wp\/v2\/media?parent=5596"}],"wp:term":[{"taxonomy":"category","embeddable":true,"href":"https:\/\/www.sincomam.org.br\/index.php\/wp-json\/wp\/v2\/categories?post=5596"},{"taxonomy":"post_tag","embeddable":true,"href":"https:\/\/www.sincomam.org.br\/index.php\/wp-json\/wp\/v2\/tags?post=5596"}],"curies":[{"name":"wp","href":"https:\/\/api.w.org\/{rel}","templated":true}]}}