{"id":55918,"date":"2024-12-12T12:56:27","date_gmt":"2024-12-12T15:56:27","guid":{"rendered":"http:\/\/www.sincomam.org.br\/?p=55918"},"modified":"2024-12-12T12:56:27","modified_gmt":"2024-12-12T15:56:27","slug":"programa-da-petrobras-abre-127-mil-vagas-de-qualificacao-profissional","status":"publish","type":"post","link":"https:\/\/www.sincomam.org.br\/index.php\/programa-da-petrobras-abre-127-mil-vagas-de-qualificacao-profissional\/","title":{"rendered":"Programa da Petrobras abre 12,7 mil vagas de qualifica\u00e7\u00e3o profissional"},"content":{"rendered":"<p>O Programa Autonomia e Renda Petrobras lan\u00e7ou nessa ter\u00e7a-feira (10), no Rio, edital de vagas gratuitas com objetivo de qualificar profissionalmente e ampliar oportunidades para pessoas em situa\u00e7\u00e3o de vulnerabilidade socioecon\u00f4mica.<img decoding=\"async\" src=\"https:\/\/agenciabrasil.ebc.com.br\/ebc.png?id=1623339&amp;o=node\" \/><img decoding=\"async\" src=\"https:\/\/agenciabrasil.ebc.com.br\/ebc.gif?id=1623339&amp;o=node\" \/><\/p>\n<p>Os participantes do projeto &#8211; realizado em parceria com a Federa\u00e7\u00e3o das Ind\u00fastrias do Rio de Janeiro (Firjan), Servi\u00e7o Nacional de Aprendizagem Industrial (Senai) e o\u00a0Servi\u00e7o Social da Ind\u00fastria (Sesi) &#8211; devem ser moradores de \u00e1reas de abrang\u00eancia das opera\u00e7\u00f5es da Petrobras das regi\u00f5es Sul, Sudeste e Nordeste do Brasil.<\/p>\n<p>Com investimento de R$ 205 milh\u00f5es, o programa vai oferecer 12.750 vagas nos pr\u00f3ximos quatro anos. As inscri\u00e7\u00f5es podem ser realizadas at\u00e9 dia 23 de dezembro atrav\u00e9s do site\u00a0<a href=\"http:\/\/www.autonomiaerenda.com.br\/\" target=\"_blank\" rel=\"noopener\">www.autonomiaerenda.com.br<\/a>\u00a0ou nas unidades do Senai.<\/p>\n<p>Em 2025, unidades Senai Sesi de sete estados (Esp\u00edrito Santo, Minas Gerais, Rio de Janeiro, S\u00e3o Paulo, Paran\u00e1, Rio Grande do Sul e Pernambuco) v\u00e3o ofertar 285 cursos t\u00e9cnicos e de qualifica\u00e7\u00e3o profissional nas seguintes \u00e1reas: el\u00e9trica, edifica\u00e7\u00f5es, mec\u00e2nica, metalurgia, soldagem, automa\u00e7\u00e3o industrial, planejamento e controle de produ\u00e7\u00e3o e seguran\u00e7a do trabalho, entre outras. Ser\u00e3o mais de 12.700 vagas oferecidas pelo Senai.<\/p>\n<p>Al\u00e9m da forma\u00e7\u00e3o profissional, o Programa Autonomia e Renda conta com uma carga hor\u00e1ria voltada para oficinas de Desenvolvimento Humano, uma metodologia da Firjan\/Sesi que tem como finalidade fortalecer as compet\u00eancias sociais dos participantes, elevando o potencial de empregabilidade.<\/p>\n<h2>Demanda crescente<\/h2>\n<p>\u201cO Autonomia e Rende surge pela demanda crescente de m\u00e3o de obra qualificada na ind\u00fastria de energia e nas regi\u00f5es atendidas pela Petrobras. Trata-se de um investimento social privado e volunt\u00e1rio da maior empresa brasileira e uma das maiores petroleiras do mundo. A Firjan, Senai e Sesi se unem \u00e0 Petrobras, utilizando toda a sua\u00a0<em>expertise<\/em>\u00a0para a forma\u00e7\u00e3o profissional e o desenvolvimento humano de jovens e adultos que podem se tornar futuros trabalhadores da ind\u00fastria\u201d, disse Alexandre dos Reis, diretor executivo da Firjan\/Senai\/Sesi.<\/p>\n<p>\u201cAs vagas abertas t\u00eam conex\u00e3o com o d\u00e9ficit de m\u00e3o de obra qualificada nas empresas fornecedoras do setor de \u00f3leo e g\u00e1s. Faltam profissionais capacitados para atuar em paradas de manuten\u00e7\u00e3o e projetos de investimento previstos no Plano Estrat\u00e9gico da Petrobras e acreditamos que a oferta desses cursos pode impulsionar as oportunidades para as comunidades pr\u00f3ximas das nossas instala\u00e7\u00f5es. Com o curso conclu\u00eddo, os egressos ser\u00e3o orientados a buscar vagas no Sistema Nacional de Emprego (Sine). Da mesma forma, vamos estimular nossos fornecedores a oferecerem oportunidades de trabalho no Sine\u201d, explica Jos\u00e9 Maria Rangel, gerente executivo de Responsabilidade Social da Petrobras.<\/p>\n<p>Os pr\u00e9-requisitos para o ingresso no programa s\u00e3o ter mais de 18 anos, escolaridade m\u00ednima exigida por cada curso, ser morador das \u00e1reas de abrang\u00eancia da Petrobras e estar em situa\u00e7\u00e3o de vulnerabilidade social. A sele\u00e7\u00e3o dos candidatos e candidatas ser\u00e1 realizada por meio de sorteio eletr\u00f4nico.<\/p>\n<p>Al\u00e9m da gratuidade nos cursos de forma\u00e7\u00e3o profissional e das oficinas de Desenvolvimento Humano, o programa prev\u00ea a concess\u00e3o de bolsas-aux\u00edlio de R$ 660 mensais aos participantes. E as mulheres com filhos de at\u00e9 11 anos de idade completos receber\u00e3o bolsa com valor diferenciado de R$ 858 mensais.<\/p>\n<h2>Bolsas de estudo<\/h2>\n<p>\u201cEssas bolsas de estudo s\u00e3o parte importante do programa para que a pessoa n\u00e3o desista do curso no meio do caminho. Outro destaque \u00e9 o fornecimento diferenciado de bolsa-aux\u00edlio para mulheres com filhos pequenos. [A meta] \u00e9 contribuir para que elas possam contar com um apoio para as crian\u00e7as enquanto est\u00e3o estudando, j\u00e1 que em nossa sociedade ainda \u00e9 comum a mulher ter essa dupla jornada. Para garantir a bolsa durante todo o per\u00edodo do curso \u00e9 necess\u00e1rio cumprir o m\u00ednimo de 75% de frequ\u00eancia mensal\u201d, afirma Marcela Souza Levigard, gerente de Projetos Sociais da Petrobras.<\/p>\n<p>Mulheres, pessoas transg\u00eaneros, transexuais e travestis, ind\u00edgenas, quilombolas, pretos e pardos, refugiados e pessoas com defici\u00eancia ter\u00e3o prefer\u00eancia. \u201cO programa, como seu pr\u00f3prio nome sugere, tem como foco a inclus\u00e3o social e o olhar para esses grupos minorizados. Junto \u00e0 Petrobras, queremos proporcionar melhores condi\u00e7\u00f5es de empregabilidade, de qualidade de vida e, consequentemente, autonomia financeira. O nosso objetivo \u00e9 contribuir com as necessidades do setor de energia e possibilitar que os participantes do programa enxerguem oportunidades de trabalho em seus pr\u00f3prios territ\u00f3rios\u201d, avalia Eliane Damasceno, gerente de Responsabilidade Social da Firjan\/Sesi.<\/p>\n<p>Fonte: Ag\u00eancia Brasil<\/p>\n","protected":false},"excerpt":{"rendered":"<p>O Programa Autonomia e Renda Petrobras lan\u00e7ou nessa ter\u00e7a-feira (10), no Rio, edital de vagas gratuitas com objetivo de qualificar profissionalmente e ampliar oportunidades para&#8230;<\/p>\n","protected":false},"author":1527,"featured_media":53340,"comment_status":"closed","ping_status":"closed","sticky":false,"template":"","format":"standard","meta":{"footnotes":""},"categories":[6],"tags":[],"class_list":["post-55918","post","type-post","status-publish","format-standard","has-post-thumbnail","hentry","category-noticias"],"_links":{"self":[{"href":"https:\/\/www.sincomam.org.br\/index.php\/wp-json\/wp\/v2\/posts\/55918","targetHints":{"allow":["GET"]}}],"collection":[{"href":"https:\/\/www.sincomam.org.br\/index.php\/wp-json\/wp\/v2\/posts"}],"about":[{"href":"https:\/\/www.sincomam.org.br\/index.php\/wp-json\/wp\/v2\/types\/post"}],"author":[{"embeddable":true,"href":"https:\/\/www.sincomam.org.br\/index.php\/wp-json\/wp\/v2\/users\/1527"}],"replies":[{"embeddable":true,"href":"https:\/\/www.sincomam.org.br\/index.php\/wp-json\/wp\/v2\/comments?post=55918"}],"version-history":[{"count":1,"href":"https:\/\/www.sincomam.org.br\/index.php\/wp-json\/wp\/v2\/posts\/55918\/revisions"}],"predecessor-version":[{"id":55920,"href":"https:\/\/www.sincomam.org.br\/index.php\/wp-json\/wp\/v2\/posts\/55918\/revisions\/55920"}],"wp:featuredmedia":[{"embeddable":true,"href":"https:\/\/www.sincomam.org.br\/index.php\/wp-json\/wp\/v2\/media\/53340"}],"wp:attachment":[{"href":"https:\/\/www.sincomam.org.br\/index.php\/wp-json\/wp\/v2\/media?parent=55918"}],"wp:term":[{"taxonomy":"category","embeddable":true,"href":"https:\/\/www.sincomam.org.br\/index.php\/wp-json\/wp\/v2\/categories?post=55918"},{"taxonomy":"post_tag","embeddable":true,"href":"https:\/\/www.sincomam.org.br\/index.php\/wp-json\/wp\/v2\/tags?post=55918"}],"curies":[{"name":"wp","href":"https:\/\/api.w.org\/{rel}","templated":true}]}}