{"id":55910,"date":"2024-12-12T08:22:01","date_gmt":"2024-12-12T11:22:01","guid":{"rendered":"http:\/\/www.sincomam.org.br\/?p=55910"},"modified":"2024-12-12T08:22:01","modified_gmt":"2024-12-12T11:22:01","slug":"dia-do-marinheiro-comemoracoes-comecam-no-museu-do-ipiranga","status":"publish","type":"post","link":"https:\/\/www.sincomam.org.br\/index.php\/dia-do-marinheiro-comemoracoes-comecam-no-museu-do-ipiranga\/","title":{"rendered":"Dia do Marinheiro: Comemora\u00e7\u00f5es come\u00e7am no Museu do Ipiranga"},"content":{"rendered":"<p>As celebra\u00e7\u00f5es do Dia do Marinheiro come\u00e7aram em grande estilo no Museu do Ipiranga, em S\u00e3o Paulo. Com a presen\u00e7a de autoridades militares e civis, a cerim\u00f4nia c\u00edvico-militar realizada pelo Comando do 8\u00ba Distrito Naval homenageou o legado do Almirante Tamandar\u00e9, Patrono da Marinha do Brasil, e simbolizou a uni\u00e3o entre passado e presente na hist\u00f3ria naval brasileira.<\/p>\n<p><strong>A Cerim\u00f4nia no Museu do Ipiranga<\/strong><\/p>\n<p>No dia 4 de dezembro, o Comando do 8\u00ba Distrito Naval organizou uma cerim\u00f4nia c\u00edvico-militar no Museu do Ipiranga, dando in\u00edcio \u00e0s comemora\u00e7\u00f5es do Dia do Marinheiro. Presidido pelo Comandante da Marinha, Almirante de Esquadra Marcos Sampaio Olsen, o evento contou com a participa\u00e7\u00e3o de autoridades como o Almirante de Esquadra Alexandre Rabello de Faria, Diretor-Geral de Desenvolvimento Nuclear e Tecnol\u00f3gico da Marinha, e o Vice-Almirante Marco Antonio Ismael Trov\u00e3o de Oliveira, Comandante do 8\u00ba Distrito Naval.<\/p>\n<p>Um dos momentos mais marcantes foi a entrega da Medalha M\u00e9rito Tamandar\u00e9, concedida a personalidades e institui\u00e7\u00f5es que se destacaram no fortalecimento das tradi\u00e7\u00f5es da Marinha do\u00a0Brasil. Entre os homenageados estavam civis e militares que contribu\u00edram para divulgar a hist\u00f3ria naval brasileira e enaltecer os feitos da institui\u00e7\u00e3o.<\/p>\n<p><strong>O Almirante Tamandar\u00e9 e Seu Legado<\/strong><\/p>\n<p>O Dia do Marinheiro \u00e9 celebrado em homenagem ao Almirante Joaquim Marques Lisboa, Marqu\u00eas de Tamandar\u00e9, uma das figuras mais not\u00e1veis da hist\u00f3ria militar brasileira. Patrono da\u00a0Marinha do Brasil, Tamandar\u00e9 ingressou na Marinha aos 15 anos e desempenhou papel crucial em momentos decisivos, como a Guerra do Paraguai, onde liderou a Esquadra brasileira na primeira fase do conflito.<\/p>\n<p>Al\u00e9m de suas vit\u00f3rias em combate, Tamandar\u00e9 foi respons\u00e1vel por organizar a log\u00edstica naval da Armada Imperial, contribuindo para o sucesso das opera\u00e7\u00f5es a grandes dist\u00e2ncias. Sua dedica\u00e7\u00e3o \u00e0 Marinha e ao pa\u00eds lhe rendeu um lugar de destaque no Pante\u00e3o dos Her\u00f3is da P\u00e1tria, em Bras\u00edlia. Por isso, o dia 13 de dezembro, data de seu nascimento, foi institu\u00eddo como o Dia do Marinheiro, um momento de reconhecimento a sua contribui\u00e7\u00e3o hist\u00f3rica.<\/p>\n<p><strong>A Relev\u00e2ncia do Museu do Ipiranga no Contexto Hist\u00f3rico<\/strong><\/p>\n<p>Escolhido pela segunda vez como palco das comemora\u00e7\u00f5es, o Museu do Ipiranga, ou Museu Paulista, \u00e9 um s\u00edmbolo da hist\u00f3ria e da independ\u00eancia do Brasil. Recentemente restaurado, o espa\u00e7o carrega uma forte conex\u00e3o com os valores patri\u00f3ticos que tamb\u00e9m guiam a Marinha do Brasil.<\/p>\n<p>Ao sediar a cerim\u00f4nia, o Museu refor\u00e7a seu papel como guardi\u00e3o da mem\u00f3ria nacional, proporcionando um ambiente que une tradi\u00e7\u00e3o e modernidade. Sua localiza\u00e7\u00e3o em S\u00e3o Paulo, um centro econ\u00f4mico e cultural do pa\u00eds, tamb\u00e9m destaca a relev\u00e2ncia da Marinha no cen\u00e1rio nacional, atraindo a aten\u00e7\u00e3o de um p\u00fablico diversificado para as celebra\u00e7\u00f5es do Dia do Marinheiro.<\/p>\n<p>Fonte: Defesa em Foco<\/p>\n","protected":false},"excerpt":{"rendered":"<p>As celebra\u00e7\u00f5es do Dia do Marinheiro come\u00e7aram em grande estilo no Museu do Ipiranga, em S\u00e3o Paulo. Com a presen\u00e7a de autoridades militares e civis,&#8230;<\/p>\n","protected":false},"author":1527,"featured_media":55912,"comment_status":"closed","ping_status":"closed","sticky":false,"template":"","format":"standard","meta":{"footnotes":""},"categories":[6],"tags":[],"class_list":["post-55910","post","type-post","status-publish","format-standard","has-post-thumbnail","hentry","category-noticias"],"_links":{"self":[{"href":"https:\/\/www.sincomam.org.br\/index.php\/wp-json\/wp\/v2\/posts\/55910","targetHints":{"allow":["GET"]}}],"collection":[{"href":"https:\/\/www.sincomam.org.br\/index.php\/wp-json\/wp\/v2\/posts"}],"about":[{"href":"https:\/\/www.sincomam.org.br\/index.php\/wp-json\/wp\/v2\/types\/post"}],"author":[{"embeddable":true,"href":"https:\/\/www.sincomam.org.br\/index.php\/wp-json\/wp\/v2\/users\/1527"}],"replies":[{"embeddable":true,"href":"https:\/\/www.sincomam.org.br\/index.php\/wp-json\/wp\/v2\/comments?post=55910"}],"version-history":[{"count":1,"href":"https:\/\/www.sincomam.org.br\/index.php\/wp-json\/wp\/v2\/posts\/55910\/revisions"}],"predecessor-version":[{"id":55913,"href":"https:\/\/www.sincomam.org.br\/index.php\/wp-json\/wp\/v2\/posts\/55910\/revisions\/55913"}],"wp:featuredmedia":[{"embeddable":true,"href":"https:\/\/www.sincomam.org.br\/index.php\/wp-json\/wp\/v2\/media\/55912"}],"wp:attachment":[{"href":"https:\/\/www.sincomam.org.br\/index.php\/wp-json\/wp\/v2\/media?parent=55910"}],"wp:term":[{"taxonomy":"category","embeddable":true,"href":"https:\/\/www.sincomam.org.br\/index.php\/wp-json\/wp\/v2\/categories?post=55910"},{"taxonomy":"post_tag","embeddable":true,"href":"https:\/\/www.sincomam.org.br\/index.php\/wp-json\/wp\/v2\/tags?post=55910"}],"curies":[{"name":"wp","href":"https:\/\/api.w.org\/{rel}","templated":true}]}}