{"id":55890,"date":"2024-12-11T12:11:02","date_gmt":"2024-12-11T15:11:02","guid":{"rendered":"http:\/\/www.sincomam.org.br\/?p=55890"},"modified":"2024-12-11T12:11:02","modified_gmt":"2024-12-11T15:11:02","slug":"novas-regras-do-trabalho-aos-domingos-e-feriados-em-2025","status":"publish","type":"post","link":"https:\/\/www.sincomam.org.br\/index.php\/novas-regras-do-trabalho-aos-domingos-e-feriados-em-2025\/","title":{"rendered":"Novas regras do trabalho aos domingos e feriados em 2025"},"content":{"rendered":"<p>Em novembro de 2023, o governo brasileiro decidiu adiar para janeiro de 2025 a implementa\u00e7\u00e3o de novas regulamenta\u00e7\u00f5es sobre o trabalho em feriados no setor de com\u00e9rcio. Esta decis\u00e3o foi formalizada no \u201c<a href=\"https:\/\/www.gov.br\/pt-br\/servicos\/acessar-o-diario-oficial-da-uniao\" target=\"_blank\" rel=\"noopener\">Di\u00e1rio Oficial da Uni\u00e3o<\/a>\u201d devido \u00e0 necessidade de conciliar os interesses de trabalhadores, sindicatos e empregadores. Originalmente, as novas regras estavam programadas para entrar em vigor em 2024.<\/p>\n<div class=\"ad-wrapper-div\">\n<div id=\"ad_paragraph_1\" data-google-query-id=\"CM6Co6D_n4oDFchJuAQdQu0fPg\">A iniciativa de mudar as regras de trabalho em feriados trouxe \u00e0 tona debates intensos entre diversos setores. A norma existente, que desde 2021 dispensava a exig\u00eancia de autoriza\u00e7\u00e3o sindical para o trabalho em feriados, gerou cr\u00edticas por ser considerada inconstitucional. Esse adiamento reflete a import\u00e2ncia de um debate mais aprofundado sobre as implica\u00e7\u00f5es das pol\u00edticas trabalhistas.<\/div>\n<div data-google-query-id=\"CM6Co6D_n4oDFchJuAQdQu0fPg\">\n<h2 class=\"wp-block-heading\">Quais s\u00e3o as regras atuais para o trabalho em feriados?<\/h2>\n<p>Atualmente, a Lei 10.101\/2000 regula o trabalho em feriados no com\u00e9rcio, permitindo-o apenas por meio de acordos coletivos e sujeito \u00e0s leis municipais. As poss\u00edveis altera\u00e7\u00f5es propostas impulsionaram diversas rea\u00e7\u00f5es, entre elas a de parlamentares que discutem os\u00a0impactos potenciais na economia e no emprego. H\u00e1 preocupa\u00e7\u00f5es de que mudan\u00e7as nas regras poderiam afetar negativamente, n\u00e3o apenas a manuten\u00e7\u00e3o de empregos, mas tamb\u00e9m a arrecada\u00e7\u00e3o fiscal, o que \u00e9 crucial para o financiamento das pol\u00edticas p\u00fablicas.<\/p>\n<h2 class=\"wp-block-heading\">Quais s\u00e3o os passos seguintes?<\/h2>\n<p>Em resposta \u00e0s cr\u00edticas, o Minist\u00e9rio do Trabalho, liderado por Luiz Marinho, iniciou um processo de di\u00e1logo reunindo os principais interessados. O objetivo \u00e9 propor um novo texto at\u00e9 mar\u00e7o de 2024 atrav\u00e9s de uma mesa tripartite, que inclui governo, sindicatos e representantes empresariais. Esta mesa funcionar\u00e1 como um canal permanente de di\u00e1logo que busca harmonizar as necessidades dos trabalhadores e das empresas.<\/p>\n<p>Com isso, espera-se encontrar um equil\u00edbrio que assegure tanto os direitos dos trabalhadores quanto as necessidades das opera\u00e7\u00f5es comerciais, favorecendo um ambiente de trabalho mais justo e produtivo.<\/p>\n<h2 class=\"wp-block-heading\">Quais impactos para o mercado de trabalho?<\/h2>\n<p>O adiamento permite uma an\u00e1lise mais profunda dos poss\u00edveis efeitos das novas regras no mercado de trabalho. H\u00e1 uma preocupa\u00e7\u00e3o sobre a possibilidade de eleva\u00e7\u00e3o do desemprego e do crescimento da informalidade, dada a depend\u00eancia de muitos trabalhadores do com\u00e9rcio em rela\u00e7\u00e3o ao trabalho em feriados para aumentar sua renda.<\/p>\n<p>Para enfrentar esses desafios, \u00e9 crucial que haja uma coopera\u00e7\u00e3o entre diferentes n\u00edveis de governo para garantir que as legisla\u00e7\u00f5es locais e nacionais estejam alinhadas, refletindo as especificidades regionais e as demandas de todos os envolvidos.<\/p>\n<h2 class=\"wp-block-heading\">Como as negocia\u00e7\u00f5es futuras podem mudar o cen\u00e1rio?<\/h2>\n<p>O esfor\u00e7o para adiar e discutir amplamente novas regras pode resultar em um formato de regula\u00e7\u00e3o mais equilibrado e participativo, capaz de se adaptar \u00e0s mudan\u00e7as sociais e econ\u00f4micas do Brasil atual. O sucesso das negocia\u00e7\u00f5es ser\u00e1 um teste \u00e0 habilidade do governo de mediar interesses diversos e de formular regulamenta\u00e7\u00f5es que acompanhem as evolu\u00e7\u00f5es no mercado de trabalho.<\/p>\n<p>As discuss\u00f5es e acordos alcan\u00e7ados nesse processo servir\u00e3o como exemplo para futuras iniciativas, orientando a formula\u00e7\u00e3o de pol\u00edticas p\u00fablicas mais eficazes e ajustadas \u00e0s necessidades contempor\u00e2neas.<\/p>\n<p>Fonte: E.M. FOCO<\/p>\n<\/div>\n<\/div>\n","protected":false},"excerpt":{"rendered":"<p>Em novembro de 2023, o governo brasileiro decidiu adiar para janeiro de 2025 a implementa\u00e7\u00e3o de novas regulamenta\u00e7\u00f5es sobre o trabalho em feriados no setor&#8230;<\/p>\n","protected":false},"author":1527,"featured_media":55892,"comment_status":"closed","ping_status":"closed","sticky":false,"template":"","format":"standard","meta":{"footnotes":""},"categories":[6],"tags":[],"class_list":["post-55890","post","type-post","status-publish","format-standard","has-post-thumbnail","hentry","category-noticias"],"_links":{"self":[{"href":"https:\/\/www.sincomam.org.br\/index.php\/wp-json\/wp\/v2\/posts\/55890","targetHints":{"allow":["GET"]}}],"collection":[{"href":"https:\/\/www.sincomam.org.br\/index.php\/wp-json\/wp\/v2\/posts"}],"about":[{"href":"https:\/\/www.sincomam.org.br\/index.php\/wp-json\/wp\/v2\/types\/post"}],"author":[{"embeddable":true,"href":"https:\/\/www.sincomam.org.br\/index.php\/wp-json\/wp\/v2\/users\/1527"}],"replies":[{"embeddable":true,"href":"https:\/\/www.sincomam.org.br\/index.php\/wp-json\/wp\/v2\/comments?post=55890"}],"version-history":[{"count":1,"href":"https:\/\/www.sincomam.org.br\/index.php\/wp-json\/wp\/v2\/posts\/55890\/revisions"}],"predecessor-version":[{"id":55893,"href":"https:\/\/www.sincomam.org.br\/index.php\/wp-json\/wp\/v2\/posts\/55890\/revisions\/55893"}],"wp:featuredmedia":[{"embeddable":true,"href":"https:\/\/www.sincomam.org.br\/index.php\/wp-json\/wp\/v2\/media\/55892"}],"wp:attachment":[{"href":"https:\/\/www.sincomam.org.br\/index.php\/wp-json\/wp\/v2\/media?parent=55890"}],"wp:term":[{"taxonomy":"category","embeddable":true,"href":"https:\/\/www.sincomam.org.br\/index.php\/wp-json\/wp\/v2\/categories?post=55890"},{"taxonomy":"post_tag","embeddable":true,"href":"https:\/\/www.sincomam.org.br\/index.php\/wp-json\/wp\/v2\/tags?post=55890"}],"curies":[{"name":"wp","href":"https:\/\/api.w.org\/{rel}","templated":true}]}}