{"id":55853,"date":"2024-12-10T11:58:40","date_gmt":"2024-12-10T14:58:40","guid":{"rendered":"http:\/\/www.sincomam.org.br\/?p=55853"},"modified":"2024-12-10T11:58:40","modified_gmt":"2024-12-10T14:58:40","slug":"reforma-tributaria-mantem-carnes-e-queijos-na-cesta-basica","status":"publish","type":"post","link":"https:\/\/www.sincomam.org.br\/index.php\/reforma-tributaria-mantem-carnes-e-queijos-na-cesta-basica\/","title":{"rendered":"Reforma tribut\u00e1ria mant\u00e9m carnes e queijos na cesta b\u00e1sica"},"content":{"rendered":"<p>O relat\u00f3rio do projeto de lei complementar que regulamenta a reforma tribut\u00e1ria, apresentado nesta segunda-feira (9) \u00e0 Comiss\u00e3o de Constitui\u00e7\u00e3o e Justi\u00e7a (CCJ) do Senado, manteve as carnes e os queijos na cesta b\u00e1sica nacional. O parecer, no entanto, retirou o \u00f3leo de milho da isen\u00e7\u00e3o e especificou que o produto ter\u00e1 al\u00edquota reduzida para 40% da al\u00edquota-padr\u00e3o do futuro Imposto sobre Valor Adicionado (IVA).<img decoding=\"async\" src=\"https:\/\/agenciabrasil.ebc.com.br\/ebc.png?id=1623005&amp;o=node\" \/><img decoding=\"async\" src=\"https:\/\/agenciabrasil.ebc.com.br\/ebc.gif?id=1623005&amp;o=node\" \/><\/p>\n<p>Segundo o relator do projeto, senador Eduardo Braga (MDB-AM), a retirada do \u00f3leo de milho da isen\u00e7\u00e3o permite conceder tratamento igualit\u00e1rio com os demais tipos de \u00f3leos vegetais. Somente o olho de soja ser\u00e1 isento.<\/p>\n<p>A vers\u00e3o original do projeto que regulamenta a reforma tribut\u00e1ria sobre o consumo previa apenas 15 itens da Cesta B\u00e1sica Nacional de Alimentos (CBNA), que ter\u00e3o isen\u00e7\u00e3o de IVA, entre os quais arroz, feij\u00e3o, p\u00e3o e leite. Durante a tramita\u00e7\u00e3o na C\u00e2mara, os deputados acrescentaram carnes, queijos, todos os tipos de farinha, aveia, sal e \u00f3leo de milho, somando 22 itens.<\/p>\n<p>A lista completa com itens da cesta b\u00e1sica com al\u00edquota zerada \u00e9 a seguinte:<\/p>\n<p>\u2022 \u00a0 \u00a0 A\u00e7\u00facar<\/p>\n<p>\u2022 \u00a0 \u00a0 Arroz<\/p>\n<p>\u2022 \u00a0 \u00a0 Caf\u00e9<\/p>\n<p>\u2022 \u00a0 \u00a0 Carnes bovina, su\u00edna, ovina, caprina e de aves<\/p>\n<p>\u2022 \u00a0 \u00a0 Farinha de aveia<\/p>\n<p>\u2022 \u00a0 \u00a0 Farinha, grumos e s\u00eamolas, de milho<\/p>\n<p>\u2022 \u00a0 \u00a0 Farinha de mandioca<\/p>\n<p>\u2022 \u00a0 \u00a0 Farinha de trigo<\/p>\n<p>\u2022 \u00a0 \u00a0 Feij\u00f5es<\/p>\n<p>\u2022 \u00a0 \u00a0 F\u00f3rmulas infantis<\/p>\n<p>\u2022 \u00a0 \u00a0 Gr\u00e3os de aveia<\/p>\n<p>\u2022 \u00a0 \u00a0 Gr\u00e3os de milho<\/p>\n<p>\u2022 \u00a0 \u00a0 Leite<\/p>\n<p>\u2022 \u00a0 \u00a0 Leite em p\u00f3<\/p>\n<p>\u2022 \u00a0 \u00a0 Manteiga<\/p>\n<p>\u2022 \u00a0 \u00a0 Margarina<\/p>\n<p>\u2022 \u00a0 \u00a0 Massas<\/p>\n<p>\u2022 \u00a0 \u00a0 \u00d3leo de soja<\/p>\n<p>\u2022 \u00a0 \u00a0 P\u00e3o comum<\/p>\n<p>\u2022 \u00a0 \u00a0 Peixes e carnes de peixes<\/p>\n<p>\u2022 \u00a0 \u00a0 Queijos tipo mozarela, minas, prato, queijo de coalho, ricota, requeij\u00e3o, queijo provolone, queijo parmes\u00e3o, queijo fresco n\u00e3o maturado e queijo do reino<\/p>\n<p>\u2022 \u00a0 \u00a0 Sal<\/p>\n<p>Segundo Braga, o relat\u00f3rio tamb\u00e9m padronizou o tratamento tribut\u00e1rio entre alimentos in natura, como castanhas, am\u00eandoas, frutas secas, produtos hort\u00edcolas secos, cogumelos e frutas frescas, independentemente de sua forma de apresenta\u00e7\u00e3o. Uma mudan\u00e7a foi restringir o redutor de 60% \u00e0s frutas com casca dura apenas \u00e0s frutas com car\u00e1ter regional, para estimular o emprego e a renda locais.<\/p>\n<h2>Al\u00edquota padr\u00e3o<\/h2>\n<p>Antes da amplia\u00e7\u00e3o da cesta b\u00e1sica, as carnes teriam apenas al\u00edquota reduzida em 60% (para 40% da al\u00edquota padr\u00e3o). Com a amplia\u00e7\u00e3o da cesta b\u00e1sica e outras medidas inclu\u00eddas pelos deputados, a Receita Federal prev\u00ea que a al\u00edquota padr\u00e3o de IVA suba de 26,5% para 27,97%. Isso tornaria o Brasil o pa\u00eds com a maior al\u00edquota do mundo,\u00a0ultrapassando a Hungria, onde o IVA equivale a 27%.<\/p>\n<p>Segundo o relat\u00f3rio, os ajustes recentes de Braga n\u00e3o trar\u00e3o impacto na al\u00edquota de refer\u00eancia porque as listas foram aperfei\u00e7oadas, e o pr\u00f3prio mercado se adaptar\u00e1 \u00e0s regras, aumentando a \u201cefici\u00eancia econ\u00f4mica\u201d e reduzindo disputas na Justi\u00e7a. Em rela\u00e7\u00e3o a outros benef\u00edcios inclu\u00eddos no texto, como o\u00a0<em>cashback<\/em>\u00a0(devolu\u00e7\u00e3o de impostos) para telecomunica\u00e7\u00f5es, isen\u00e7\u00f5es para medicamentos de doen\u00e7as raras ou aumento do redutor social para aluguel, eles ser\u00e3o custeados com o Imposto Seletivo sobre armas, muni\u00e7\u00f5es e utens\u00edlios de pl\u00e1stico de uso \u00fanico.<\/p>\n<h2>Prazo de 90 dias<\/h2>\n<p>O relat\u00f3rio apresentado nesta segunda definiu um prazo de 90 dias a partir de dezembro de 2030 para que o governo envie ao Congresso um projeto de lei complementar que reduza incentivos fiscais, caso a al\u00edquota padr\u00e3o de refer\u00eancia do Imposto sobre Valor Adicionado fique superior a 26,5%. Dessa forma, o texto ter\u00e1 de ser enviado at\u00e9 o fim de mar\u00e7o de 2031.<\/p>\n<p>A vers\u00e3o anterior, aprovada pela C\u00e2mara, n\u00e3o estabelecia prazo para o envio. O governo poderia mandar o texto ao Congresso a qualquer momento de 2031, para que as mudan\u00e7as entrassem em vigor em 2032, seguindo o princ\u00edpio da anualidade, segundo o qual aumentos de impostos s\u00f3 podem valer no ano seguinte \u00e0 san\u00e7\u00e3o da lei.<\/p>\n<p>Segundo a emenda constitucional da reforma tribut\u00e1ria sobre o consumo, haver\u00e1 uma trava sobre a carga tribut\u00e1ria (peso dos impostos sobre a economia). Em troca, a cada cinco anos, o governo avaliar\u00e1 os efeitos dos incentivos fiscais, podendo reverter as medidas que n\u00e3o trouxerem resultados concretos sobre a economia. Durante a tramita\u00e7\u00e3o final do projeto de lei complementar, a C\u00e2mara enrijeceu a trava, estabelecendo a al\u00edquota m\u00e1xima de 26,5% para o IVA.<\/p>\n<p>A primeira avalia\u00e7\u00e3o quinquenal ser\u00e1 feita em 2031, com base nos dados de 2030. A partir da\u00ed, as demais avalia\u00e7\u00f5es dever\u00e3o ocorrer a cada cinco anos. Nas \u00faltimas semanas, Braga e o Minist\u00e9rio da Fazenda discutiram medidas para tornar a trava mais efetiva, mas a principal mudan\u00e7a do relator foi a inclus\u00e3o do prazo para envio do projeto de lei ao Congresso.<\/p>\n<p>Fonte: Ag\u00eancia Brasil<\/p>\n","protected":false},"excerpt":{"rendered":"<p>O relat\u00f3rio do projeto de lei complementar que regulamenta a reforma tribut\u00e1ria, apresentado nesta segunda-feira (9) \u00e0 Comiss\u00e3o de Constitui\u00e7\u00e3o e Justi\u00e7a (CCJ) do Senado,&#8230;<\/p>\n","protected":false},"author":1527,"featured_media":38394,"comment_status":"closed","ping_status":"closed","sticky":false,"template":"","format":"standard","meta":{"footnotes":""},"categories":[6],"tags":[],"class_list":["post-55853","post","type-post","status-publish","format-standard","has-post-thumbnail","hentry","category-noticias"],"_links":{"self":[{"href":"https:\/\/www.sincomam.org.br\/index.php\/wp-json\/wp\/v2\/posts\/55853","targetHints":{"allow":["GET"]}}],"collection":[{"href":"https:\/\/www.sincomam.org.br\/index.php\/wp-json\/wp\/v2\/posts"}],"about":[{"href":"https:\/\/www.sincomam.org.br\/index.php\/wp-json\/wp\/v2\/types\/post"}],"author":[{"embeddable":true,"href":"https:\/\/www.sincomam.org.br\/index.php\/wp-json\/wp\/v2\/users\/1527"}],"replies":[{"embeddable":true,"href":"https:\/\/www.sincomam.org.br\/index.php\/wp-json\/wp\/v2\/comments?post=55853"}],"version-history":[{"count":1,"href":"https:\/\/www.sincomam.org.br\/index.php\/wp-json\/wp\/v2\/posts\/55853\/revisions"}],"predecessor-version":[{"id":55855,"href":"https:\/\/www.sincomam.org.br\/index.php\/wp-json\/wp\/v2\/posts\/55853\/revisions\/55855"}],"wp:featuredmedia":[{"embeddable":true,"href":"https:\/\/www.sincomam.org.br\/index.php\/wp-json\/wp\/v2\/media\/38394"}],"wp:attachment":[{"href":"https:\/\/www.sincomam.org.br\/index.php\/wp-json\/wp\/v2\/media?parent=55853"}],"wp:term":[{"taxonomy":"category","embeddable":true,"href":"https:\/\/www.sincomam.org.br\/index.php\/wp-json\/wp\/v2\/categories?post=55853"},{"taxonomy":"post_tag","embeddable":true,"href":"https:\/\/www.sincomam.org.br\/index.php\/wp-json\/wp\/v2\/tags?post=55853"}],"curies":[{"name":"wp","href":"https:\/\/api.w.org\/{rel}","templated":true}]}}