{"id":55849,"date":"2024-12-10T11:57:49","date_gmt":"2024-12-10T14:57:49","guid":{"rendered":"http:\/\/www.sincomam.org.br\/?p=55849"},"modified":"2024-12-10T11:57:49","modified_gmt":"2024-12-10T14:57:49","slug":"ministerio-do-trabalho-criara-plataforma-para-atendimento-ao-cidadao","status":"publish","type":"post","link":"https:\/\/www.sincomam.org.br\/index.php\/ministerio-do-trabalho-criara-plataforma-para-atendimento-ao-cidadao\/","title":{"rendered":"Minist\u00e9rio do Trabalho criar\u00e1 plataforma para atendimento ao cidad\u00e3o"},"content":{"rendered":"<p>O Minist\u00e9rio do Trabalho e Emprego vai disponibilizar, no primeiro semestre de 2025, a plataforma unificada de atendimento (Una), que tem a finalidade de facilitar o acesso aos servi\u00e7os prestados pelas superintend\u00eancias, ger\u00eancias e ag\u00eancias regionais do Trabalho e Emprego. A Una ter\u00e1 in\u00edcio por meio de projeto-piloto, na pr\u00f3xima quarta-feira (11), no estado do Rio de Janeiro, onde os cidad\u00e3os poder\u00e3o solicitar atendimento por meio da plataforma.<img decoding=\"async\" src=\"https:\/\/agenciabrasil.ebc.com.br\/ebc.png?id=1623009&amp;o=node\" \/><img decoding=\"async\" src=\"https:\/\/agenciabrasil.ebc.com.br\/ebc.gif?id=1623009&amp;o=node\" \/><\/p>\n<p>O objetivo principal \u00e9 que as solicita\u00e7\u00f5es sejam atendidas de forma mais r\u00e1pida e segura. Para isso, ser\u00e1 oferecido um conjunto de funcionalidades para o gerenciamento de servi\u00e7os de atendimento presencial ou remoto. A plataforma possibilitar\u00e1 o envio de documentos digitalizados, al\u00e9m de acompanhar ou remarcar agendamentos.<\/p>\n<p>A plataforma oferecer\u00e1 tamb\u00e9m ao Minist\u00e9rio do Trabalho e Emprego maior controle e seguran\u00e7a no atendimento, uma vez que os protocolos ser\u00e3o autenticados na plataforma Gov.br, e integrar\u00e1 processos eletr\u00f4nicos e execu\u00e7\u00e3o de tarefas.<\/p>\n<p>Os servi\u00e7os que estar\u00e3o dispon\u00edveis para os cidad\u00e3os na plataforma s\u00e3o: a solicita\u00e7\u00e3o da rela\u00e7\u00e3o anual de informa\u00e7\u00f5es sociais (RAIS), o agendamento e o esclarecimento de d\u00favidas sobre Carteira de Trabalho e Previd\u00eancia Social (CTPS), al\u00e9m de solicita\u00e7\u00f5es sobre o Cadastro Geral de Empregados e Desempregados (Caged). Tamb\u00e9m est\u00e3o previstos o agendamento e esclarecimento de d\u00favidas sobre abono salarial, registro profissional e o agendamento e seguro desemprego.<\/p>\n<p>Fonte: Ag\u00eancia Brasil<\/p>\n","protected":false},"excerpt":{"rendered":"<p>O Minist\u00e9rio do Trabalho e Emprego vai disponibilizar, no primeiro semestre de 2025, a plataforma unificada de atendimento (Una), que tem a finalidade de facilitar&#8230;<\/p>\n","protected":false},"author":1527,"featured_media":55851,"comment_status":"closed","ping_status":"closed","sticky":false,"template":"","format":"standard","meta":{"footnotes":""},"categories":[6],"tags":[],"class_list":["post-55849","post","type-post","status-publish","format-standard","has-post-thumbnail","hentry","category-noticias"],"_links":{"self":[{"href":"https:\/\/www.sincomam.org.br\/index.php\/wp-json\/wp\/v2\/posts\/55849","targetHints":{"allow":["GET"]}}],"collection":[{"href":"https:\/\/www.sincomam.org.br\/index.php\/wp-json\/wp\/v2\/posts"}],"about":[{"href":"https:\/\/www.sincomam.org.br\/index.php\/wp-json\/wp\/v2\/types\/post"}],"author":[{"embeddable":true,"href":"https:\/\/www.sincomam.org.br\/index.php\/wp-json\/wp\/v2\/users\/1527"}],"replies":[{"embeddable":true,"href":"https:\/\/www.sincomam.org.br\/index.php\/wp-json\/wp\/v2\/comments?post=55849"}],"version-history":[{"count":1,"href":"https:\/\/www.sincomam.org.br\/index.php\/wp-json\/wp\/v2\/posts\/55849\/revisions"}],"predecessor-version":[{"id":55852,"href":"https:\/\/www.sincomam.org.br\/index.php\/wp-json\/wp\/v2\/posts\/55849\/revisions\/55852"}],"wp:featuredmedia":[{"embeddable":true,"href":"https:\/\/www.sincomam.org.br\/index.php\/wp-json\/wp\/v2\/media\/55851"}],"wp:attachment":[{"href":"https:\/\/www.sincomam.org.br\/index.php\/wp-json\/wp\/v2\/media?parent=55849"}],"wp:term":[{"taxonomy":"category","embeddable":true,"href":"https:\/\/www.sincomam.org.br\/index.php\/wp-json\/wp\/v2\/categories?post=55849"},{"taxonomy":"post_tag","embeddable":true,"href":"https:\/\/www.sincomam.org.br\/index.php\/wp-json\/wp\/v2\/tags?post=55849"}],"curies":[{"name":"wp","href":"https:\/\/api.w.org\/{rel}","templated":true}]}}