{"id":55827,"date":"2024-12-09T07:51:04","date_gmt":"2024-12-09T10:51:04","guid":{"rendered":"http:\/\/www.sincomam.org.br\/?p=55827"},"modified":"2024-12-09T07:51:04","modified_gmt":"2024-12-09T10:51:04","slug":"supremo-tem-maioria-para-validar-trabalho-intermitente","status":"publish","type":"post","link":"https:\/\/www.sincomam.org.br\/index.php\/supremo-tem-maioria-para-validar-trabalho-intermitente\/","title":{"rendered":"Supremo tem maioria para validar trabalho intermitente"},"content":{"rendered":"<p>O Supremo Tribunal Federal (STF) formou nesta sexta-feira (6) maioria de votos para confirmar a constitucionalidade do contrato de trabalho intermitente, inserido na Consolida\u00e7\u00e3o das Leis do Trabalho (CLT) pela reforma trabalhista de 2017.<img decoding=\"async\" src=\"https:\/\/agenciabrasil.ebc.com.br\/ebc.png?id=1622813&amp;o=node\" \/><img decoding=\"async\" src=\"https:\/\/agenciabrasil.ebc.com.br\/ebc.gif?id=1622813&amp;o=node\" \/><\/p>\n<p>Pelo placar de 6 votos a 2, os ministros mantiveram as mudan\u00e7as na legisla\u00e7\u00e3o trabalhista para inserir o modelo de contrata\u00e7\u00e3o.<\/p>\n<p>O caso voltou a ser julgado no plen\u00e1rio virtual da Corte ap\u00f3s ser interrompido em setembro deste ano por um pedido de vista do ministro Cristiano Zanin, que votou nesta sexta-feira pela constitucionalidade da tese.<\/p>\n<p>Al\u00e9m de Zanin, os ministros Nunes Marques, Alexandre de Moraes, Andr\u00e9 Mendon\u00e7a, Luiz Fux e Gilmar Mendes se manifestaram a favor da legalidade das altera\u00e7\u00f5es na CLT.<\/p>\n<p>O relator, Edson Fachin, e a ministra Rosa Weber, que se manifestou antes da aposentadoria, consideraram o trabalho intermitente inconstitucional.<\/p>\n<p>Faltam os votos de quatro ministros. A vota\u00e7\u00e3o virtual prossegue at\u00e9 o dia 13 de dezembro.<\/p>\n<p>As a\u00e7\u00f5es no STF que contestam o trabalho intermitente foram protocoladas por sindicatos que atuam na defesa de frentistas, operadores de telemarketing e dos trabalhadores da ind\u00fastria.<\/p>\n<p>Para as entidades, o modelo favorece a precariza\u00e7\u00e3o da rela\u00e7\u00e3o de emprego e o pagamento de remunera\u00e7\u00f5es abaixo do sal\u00e1rio m\u00ednimo, al\u00e9m de impedir a organiza\u00e7\u00e3o coletiva dos trabalhadores.<\/p>\n<p>Conforme definido na reforma trabalhista, o trabalhador intermitente recebe por horas ou dias trabalhados, e tem f\u00e9rias, FGTS e d\u00e9cimo terceiro sal\u00e1rio de forma proporcional ao per\u00edodo trabalhado. No contrato, \u00e9 definido o valor da hora de trabalho, que n\u00e3o pode ser inferior ao sal\u00e1rio m\u00ednimo por hora ou \u00e0 remunera\u00e7\u00e3o dos demais empregados que exer\u00e7am a mesma fun\u00e7\u00e3o.<\/p>\n<p>O empregado deve ser convocado com, no m\u00ednimo, tr\u00eas dias corridos de anteced\u00eancia. No per\u00edodo de inatividade, pode prestar servi\u00e7os a outras empresas.<\/p>\n<p>Fonte: Ag\u00eancia Brasil<\/p>\n","protected":false},"excerpt":{"rendered":"<p>O Supremo Tribunal Federal (STF) formou nesta sexta-feira (6) maioria de votos para confirmar a constitucionalidade do contrato de trabalho intermitente, inserido na Consolida\u00e7\u00e3o das&#8230;<\/p>\n","protected":false},"author":1527,"featured_media":55829,"comment_status":"closed","ping_status":"closed","sticky":false,"template":"","format":"standard","meta":{"footnotes":""},"categories":[6],"tags":[],"class_list":["post-55827","post","type-post","status-publish","format-standard","has-post-thumbnail","hentry","category-noticias"],"_links":{"self":[{"href":"https:\/\/www.sincomam.org.br\/index.php\/wp-json\/wp\/v2\/posts\/55827","targetHints":{"allow":["GET"]}}],"collection":[{"href":"https:\/\/www.sincomam.org.br\/index.php\/wp-json\/wp\/v2\/posts"}],"about":[{"href":"https:\/\/www.sincomam.org.br\/index.php\/wp-json\/wp\/v2\/types\/post"}],"author":[{"embeddable":true,"href":"https:\/\/www.sincomam.org.br\/index.php\/wp-json\/wp\/v2\/users\/1527"}],"replies":[{"embeddable":true,"href":"https:\/\/www.sincomam.org.br\/index.php\/wp-json\/wp\/v2\/comments?post=55827"}],"version-history":[{"count":1,"href":"https:\/\/www.sincomam.org.br\/index.php\/wp-json\/wp\/v2\/posts\/55827\/revisions"}],"predecessor-version":[{"id":55830,"href":"https:\/\/www.sincomam.org.br\/index.php\/wp-json\/wp\/v2\/posts\/55827\/revisions\/55830"}],"wp:featuredmedia":[{"embeddable":true,"href":"https:\/\/www.sincomam.org.br\/index.php\/wp-json\/wp\/v2\/media\/55829"}],"wp:attachment":[{"href":"https:\/\/www.sincomam.org.br\/index.php\/wp-json\/wp\/v2\/media?parent=55827"}],"wp:term":[{"taxonomy":"category","embeddable":true,"href":"https:\/\/www.sincomam.org.br\/index.php\/wp-json\/wp\/v2\/categories?post=55827"},{"taxonomy":"post_tag","embeddable":true,"href":"https:\/\/www.sincomam.org.br\/index.php\/wp-json\/wp\/v2\/tags?post=55827"}],"curies":[{"name":"wp","href":"https:\/\/api.w.org\/{rel}","templated":true}]}}