{"id":55815,"date":"2024-12-09T07:42:56","date_gmt":"2024-12-09T10:42:56","guid":{"rendered":"http:\/\/www.sincomam.org.br\/?p=55815"},"modified":"2024-12-09T07:42:56","modified_gmt":"2024-12-09T10:42:56","slug":"preservacao-do-patrimonio-subaquatico-reune-iphan-e-unesco-no-rj","status":"publish","type":"post","link":"https:\/\/www.sincomam.org.br\/index.php\/preservacao-do-patrimonio-subaquatico-reune-iphan-e-unesco-no-rj\/","title":{"rendered":"Preserva\u00e7\u00e3o do patrim\u00f4nio subaqu\u00e1tico re\u00fane Iphan e Unesco no RJ"},"content":{"rendered":"<p>Entre os dias 26 e 28 de novembro, o Museu Naval, no Rio de Janeiro, sediou o Semin\u00e1rio Internacional de Arqueologia Subaqu\u00e1tica. O evento, promovido pela Unesco em parceria com o Iphan, a Marinha do Brasil e o Minist\u00e9rio das Rela\u00e7\u00f5es Exteriores, reuniu especialistas de diversos pa\u00edses para debater estrat\u00e9gias de prote\u00e7\u00e3o e valoriza\u00e7\u00e3o do patrim\u00f4nio cultural subaqu\u00e1tico, com foco na Am\u00e9rica Latina e na \u00c1frica.<\/p>\n<p><strong>A import\u00e2ncia do patrim\u00f4nio cultural subaqu\u00e1tico<\/strong><\/p>\n<p>O patrim\u00f4nio arqueol\u00f3gico subaqu\u00e1tico abrange vest\u00edgios da exist\u00eancia humana encontrados em rios, mares e oceanos, muitas vezes escondidos por s\u00e9culos sob as \u00e1guas. Esses bens incluem embarca\u00e7\u00f5es naufragadas, s\u00edtios portu\u00e1rios e at\u00e9 sambaquis e gravuras rupestres de civiliza\u00e7\u00f5es pr\u00e9-coloniais.<\/p>\n<p>Al\u00e9m de seu valor hist\u00f3rico, esses vest\u00edgios possuem relev\u00e2ncia cultural e ecol\u00f3gica, contribuindo para a mem\u00f3ria coletiva das sociedades. Contudo, esse patrim\u00f4nio enfrenta amea\u00e7as constantes, como o tr\u00e1fico il\u00edcito de bens culturais, os impactos ambientais e a explora\u00e7\u00e3o n\u00e3o regulamentada, que comprometem sua preserva\u00e7\u00e3o.<\/p>\n<p>O semin\u00e1rio buscou destacar a necessidade de ampliar esfor\u00e7os globais para a prote\u00e7\u00e3o desse legado, principalmente em regi\u00f5es como a Am\u00e9rica Latina e a \u00c1frica, que abrigam vastos tesouros submersos ainda pouco explorados e documentados.<\/p>\n<p><strong>Temas debatidos no semin\u00e1rio<\/strong><\/p>\n<p>Durante o evento, foram abordados t\u00f3picos como o combate ao tr\u00e1fico il\u00edcito de bens culturais submersos, considerado um dos maiores desafios para a prote\u00e7\u00e3o desse patrim\u00f4nio. Especialistas discutiram estrat\u00e9gias para identificar e coibir pr\u00e1ticas ilegais que amea\u00e7am os vest\u00edgios arqueol\u00f3gicos subaqu\u00e1ticos.<\/p>\n<p>Outro ponto de destaque foi a discuss\u00e3o sobre os impactos das mudan\u00e7as clim\u00e1ticas na preserva\u00e7\u00e3o de s\u00edtios submersos. O aumento do n\u00edvel do mar e as altera\u00e7\u00f5es na temperatura e na composi\u00e7\u00e3o qu\u00edmica da \u00e1gua aceleram a deteriora\u00e7\u00e3o de materiais arqueol\u00f3gicos, exigindo novas abordagens de conserva\u00e7\u00e3o.<\/p>\n<p>O semin\u00e1rio tamb\u00e9m promoveu a troca de experi\u00eancias entre pesquisadores, como casos de sucesso em prote\u00e7\u00e3o e valoriza\u00e7\u00e3o do patrim\u00f4nio subaqu\u00e1tico. A coopera\u00e7\u00e3o internacional foi apresentada como essencial para garantir o desenvolvimento de boas pr\u00e1ticas e para o fortalecimento das redes profissionais.<\/p>\n<p><strong>O papel do Iphan e das parcerias internacionais<\/strong><\/p>\n<p>O Iphan reafirmou seu protagonismo na preserva\u00e7\u00e3o do patrim\u00f4nio cultural brasileiro ao participar ativamente dos debates e apresentar iniciativas para proteger o legado submerso do pa\u00eds. Jeanne Crespo, diretora do Centro Nacional de Arqueologia, destacou a relev\u00e2ncia do evento para alinhar estrat\u00e9gias nacionais e internacionais em prol desse objetivo.<\/p>\n<p>Parcerias como as promovidas pela Unesco foram apontadas como cruciais para ampliar a conscientiza\u00e7\u00e3o sobre o tema. A troca de conhecimentos e o estabelecimento de redes profissionais possibilitam avan\u00e7os na pesquisa, prote\u00e7\u00e3o e promo\u00e7\u00e3o do patrim\u00f4nio cultural subaqu\u00e1tico.<\/p>\n<p>A uni\u00e3o de esfor\u00e7os entre institui\u00e7\u00f5es, governos e a sociedade civil \u00e9 indispens\u00e1vel para garantir que esses tesouros submersos sejam preservados para as gera\u00e7\u00f5es futuras, contribuindo para o fortalecimento da identidade cultural e hist\u00f3rica das na\u00e7\u00f5es.<\/p>\n<p>Fonte: Defesa em Foco<\/p>\n","protected":false},"excerpt":{"rendered":"<p>Entre os dias 26 e 28 de novembro, o Museu Naval, no Rio de Janeiro, sediou o Semin\u00e1rio Internacional de Arqueologia Subaqu\u00e1tica. O evento, promovido&#8230;<\/p>\n","protected":false},"author":1527,"featured_media":55817,"comment_status":"closed","ping_status":"closed","sticky":false,"template":"","format":"standard","meta":{"footnotes":""},"categories":[6],"tags":[],"class_list":["post-55815","post","type-post","status-publish","format-standard","has-post-thumbnail","hentry","category-noticias"],"_links":{"self":[{"href":"https:\/\/www.sincomam.org.br\/index.php\/wp-json\/wp\/v2\/posts\/55815","targetHints":{"allow":["GET"]}}],"collection":[{"href":"https:\/\/www.sincomam.org.br\/index.php\/wp-json\/wp\/v2\/posts"}],"about":[{"href":"https:\/\/www.sincomam.org.br\/index.php\/wp-json\/wp\/v2\/types\/post"}],"author":[{"embeddable":true,"href":"https:\/\/www.sincomam.org.br\/index.php\/wp-json\/wp\/v2\/users\/1527"}],"replies":[{"embeddable":true,"href":"https:\/\/www.sincomam.org.br\/index.php\/wp-json\/wp\/v2\/comments?post=55815"}],"version-history":[{"count":1,"href":"https:\/\/www.sincomam.org.br\/index.php\/wp-json\/wp\/v2\/posts\/55815\/revisions"}],"predecessor-version":[{"id":55818,"href":"https:\/\/www.sincomam.org.br\/index.php\/wp-json\/wp\/v2\/posts\/55815\/revisions\/55818"}],"wp:featuredmedia":[{"embeddable":true,"href":"https:\/\/www.sincomam.org.br\/index.php\/wp-json\/wp\/v2\/media\/55817"}],"wp:attachment":[{"href":"https:\/\/www.sincomam.org.br\/index.php\/wp-json\/wp\/v2\/media?parent=55815"}],"wp:term":[{"taxonomy":"category","embeddable":true,"href":"https:\/\/www.sincomam.org.br\/index.php\/wp-json\/wp\/v2\/categories?post=55815"},{"taxonomy":"post_tag","embeddable":true,"href":"https:\/\/www.sincomam.org.br\/index.php\/wp-json\/wp\/v2\/tags?post=55815"}],"curies":[{"name":"wp","href":"https:\/\/api.w.org\/{rel}","templated":true}]}}