{"id":55792,"date":"2024-12-06T09:32:18","date_gmt":"2024-12-06T12:32:18","guid":{"rendered":"http:\/\/www.sincomam.org.br\/?p=55792"},"modified":"2024-12-06T09:32:18","modified_gmt":"2024-12-06T12:32:18","slug":"com-aumento-de-calado-cattalini-oferece-maior-capacidade-de-carga-do-pier-privado","status":"publish","type":"post","link":"https:\/\/www.sincomam.org.br\/index.php\/com-aumento-de-calado-cattalini-oferece-maior-capacidade-de-carga-do-pier-privado\/","title":{"rendered":"Com aumento de calado, Cattalini oferece maior capacidade de carga do p\u00eder privado"},"content":{"rendered":"<p>A Cattalini Terminais Mar\u00edtimos ampliou o calado do ber\u00e7o externo do seu p\u00eder privado, passando de 12,8 para 13,10 metros. Com o incremento de 30 cent\u00edmetros, a companhia passa a oferecer aos clientes ganho potencial de movimenta\u00e7\u00e3o de, aproximadamente, 2.000 toneladas de gran\u00e9is l\u00edquidos por navio.<\/p>\n<p>Para o diretor-presidente da empresa, Jos\u00e9 Paulo Fernandes, \u201cos investimentos em dragagem, inova\u00e7\u00e3o e melhorias nas estruturas mar\u00edtima e terrestre garantem seguran\u00e7a e agilidade \u00e0s opera\u00e7\u00f5es e redu\u00e7\u00e3o do custo log\u00edstico, consolidando a companhia como parceiro estrat\u00e9gico para seus clientes e fortalecendo o Porto de Paranagu\u00e1 no mercado global\u201d.<\/p>\n<p>A formaliza\u00e7\u00e3o do aumento ocorreu na \u00faltima semana, por meio da Portaria n\u00ba 306\/2024\/APPA, que homologa o aumento de calado operacional do Canal de Navega\u00e7\u00e3o, Bacia de Evolu\u00e7\u00e3o, Ber\u00e7os 201 ao\u00a0218 e ber\u00e7o externo do p\u00eder\u00a0da Cattalini. O documento tem a anu\u00eancia das Autoridades Mar\u00edtima e Portu\u00e1ria e da Praticagem de Paranagu\u00e1, atestando as condi\u00e7\u00f5es de seguran\u00e7a das manobras dos navios. A medida do calado refere-se \u00e0 dist\u00e2ncia entre a linha d\u2019\u00e1gua e a quilha do navio, ou seja, a parte mais baixa da embarca\u00e7\u00e3o que fica submersa.<\/p>\n<p>Fonte: Informativo dos Portos<\/p>\n","protected":false},"excerpt":{"rendered":"<p>A Cattalini Terminais Mar\u00edtimos ampliou o calado do ber\u00e7o externo do seu p\u00eder privado, passando de 12,8 para 13,10 metros. Com o incremento de 30&#8230;<\/p>\n","protected":false},"author":1527,"featured_media":55794,"comment_status":"closed","ping_status":"closed","sticky":false,"template":"","format":"standard","meta":{"footnotes":""},"categories":[6],"tags":[],"class_list":["post-55792","post","type-post","status-publish","format-standard","has-post-thumbnail","hentry","category-noticias"],"_links":{"self":[{"href":"https:\/\/www.sincomam.org.br\/index.php\/wp-json\/wp\/v2\/posts\/55792","targetHints":{"allow":["GET"]}}],"collection":[{"href":"https:\/\/www.sincomam.org.br\/index.php\/wp-json\/wp\/v2\/posts"}],"about":[{"href":"https:\/\/www.sincomam.org.br\/index.php\/wp-json\/wp\/v2\/types\/post"}],"author":[{"embeddable":true,"href":"https:\/\/www.sincomam.org.br\/index.php\/wp-json\/wp\/v2\/users\/1527"}],"replies":[{"embeddable":true,"href":"https:\/\/www.sincomam.org.br\/index.php\/wp-json\/wp\/v2\/comments?post=55792"}],"version-history":[{"count":1,"href":"https:\/\/www.sincomam.org.br\/index.php\/wp-json\/wp\/v2\/posts\/55792\/revisions"}],"predecessor-version":[{"id":55795,"href":"https:\/\/www.sincomam.org.br\/index.php\/wp-json\/wp\/v2\/posts\/55792\/revisions\/55795"}],"wp:featuredmedia":[{"embeddable":true,"href":"https:\/\/www.sincomam.org.br\/index.php\/wp-json\/wp\/v2\/media\/55794"}],"wp:attachment":[{"href":"https:\/\/www.sincomam.org.br\/index.php\/wp-json\/wp\/v2\/media?parent=55792"}],"wp:term":[{"taxonomy":"category","embeddable":true,"href":"https:\/\/www.sincomam.org.br\/index.php\/wp-json\/wp\/v2\/categories?post=55792"},{"taxonomy":"post_tag","embeddable":true,"href":"https:\/\/www.sincomam.org.br\/index.php\/wp-json\/wp\/v2\/tags?post=55792"}],"curies":[{"name":"wp","href":"https:\/\/api.w.org\/{rel}","templated":true}]}}