{"id":55788,"date":"2024-12-06T09:26:41","date_gmt":"2024-12-06T12:26:41","guid":{"rendered":"http:\/\/www.sincomam.org.br\/?p=55788"},"modified":"2024-12-06T09:26:41","modified_gmt":"2024-12-06T12:26:41","slug":"uniao-deve-leiloar-78-milhoes-de-barris-de-petroleo-em-2025","status":"publish","type":"post","link":"https:\/\/www.sincomam.org.br\/index.php\/uniao-deve-leiloar-78-milhoes-de-barris-de-petroleo-em-2025\/","title":{"rendered":"Uni\u00e3o deve leiloar 78 milh\u00f5es de barris de petr\u00f3leo em 2025"},"content":{"rendered":"<p>A Pr\u00e9-Sal Petr\u00f3leo S\/A (PPSA) estima comercializar 78 milh\u00f5es de barris de petr\u00f3leo da Uni\u00e3o no dia 25 junho do ano que vem na B3, em S\u00e3o Paulo, durante o 5\u00ba Leil\u00e3o que comercializar\u00e1 a produ\u00e7\u00e3o da Uni\u00e3o dos campos de Mero, B\u00fazios, S\u00e9pia, Itapu e Norte de Carcar\u00e1. A informa\u00e7\u00e3o \u00e9 do superintendente de Comercializa\u00e7\u00e3o da empresa, Guilherme Fran\u00e7a.\u00a0<img decoding=\"async\" src=\"https:\/\/agenciabrasil.ebc.com.br\/ebc.png?id=1622602&amp;o=node\" \/><img decoding=\"async\" src=\"https:\/\/agenciabrasil.ebc.com.br\/ebc.gif?id=1622602&amp;o=node\" \/><\/p>\n<p>O an\u00fancio foi feito durante o F\u00f3rum T\u00e9cnico PPSA, realizado, nesta quinta-feira (5), no Hotel Prodigy Santos Dumont, ao lado do terminal na regi\u00e3o central do Rio.<\/p>\n<p>O edital do 5\u00ba Leil\u00e3o de Petr\u00f3leo deve ser publicado em mar\u00e7o de 2025. O Campo Mero \u00e9 o que tem maior volume de cargas: 51,5 milh\u00f5es de barris a serem comercializados em 12 meses. Na sequ\u00eancia \u00e9 o de Norte de Carcar\u00e1. \u201cO campo tem in\u00edcio de produ\u00e7\u00e3o agendado para 2025 e o leil\u00e3o comercializar\u00e1 12 milh\u00f5es de barris da Uni\u00e3o em 18 meses. Os lotes Itapu (6,5 milh\u00f5es) e de S\u00e9pia (4,5 milh\u00f5es) tamb\u00e9m ser\u00e3o de 18 meses e de B\u00fazios (3,5 milh\u00f5es), de 12 meses\u201d.<\/p>\n<p>A PPSA informou que os volumes representam estimativas atuais da parcela de petr\u00f3leo da Uni\u00e3o em 2025 e 2026 nestes campos, mas que poder\u00e3o ser revistos at\u00e9 a publica\u00e7\u00e3o do edital para uma proje\u00e7\u00e3o mais refinada.<\/p>\n<p>Segundo o Minist\u00e9rio de Minas e Energia (MME), a comercializa\u00e7\u00e3o do \u00f3leo \u00e9 estrat\u00e9gica para a seguran\u00e7a energ\u00e9tica e o desenvolvimento econ\u00f4mico do Brasil, gerando emprego e renda para a popula\u00e7\u00e3o. \u201cMesmo com todos esses esfor\u00e7os, ainda n\u00e3o \u00e9 poss\u00edvel determinar quando alcan\u00e7aremos o pico da demanda por petr\u00f3leo, e por isso precisamos repor nossas reservas, garantindo seguran\u00e7a energ\u00e9tica, que \u00e9 t\u00e3o relevante quanto a transi\u00e7\u00e3o\u201d, comentou o secret\u00e1rio Nacional de Petr\u00f3leo, G\u00e1s Natural e Biocombust\u00edveis do MME, Pietro Mendes, que representou o ministro Alexandre Silveira no evento.<\/p>\n<h2>Leil\u00e3o de G\u00e1s Natural<\/h2>\n<p>No mesmo encontro, o superintendente da PPSA tamb\u00e9m adiantou que o 1\u00ba Leil\u00e3o do G\u00e1s Natural da Uni\u00e3o est\u00e1 previsto para o quarto trimestre de 2025.<\/p>\n<p>\u201cEstamos neste momento analisando a contrata\u00e7\u00e3o do Sistema Integrado de Escoamento (SIE) e do Sistema Integrado de Processamento (SIP), necess\u00e1rios para a realiza\u00e7\u00e3o do leil\u00e3o. S\u00e3o contratos complexos e estamos avaliando inclusive, a possibilidade de assinar o contrato e fazer uma cess\u00e3o de direitos no processamento. O que for mais atrativo para a Uni\u00e3o\u201d, informou em texto divulgado pela empresa.<\/p>\n<p>Fran\u00e7a prev\u00ea que a Uni\u00e3o disponha at\u00e9 1,3 milh\u00e3o de metros c\u00fabicos de g\u00e1s natural para ofertar ao mercado at\u00e9 2027. Esse c\u00e1lculo n\u00e3o considera o fator de rendimento das Unidades de Processamento de G\u00e1s Natural (UPGN), \u201co que significa que parcela desse g\u00e1s ser\u00e1 transformada em GLP e l\u00edquidos\u201d.<\/p>\n<p>Conforme a empresa, a produ\u00e7\u00e3o se refere aos contratos de partilha de B\u00fazios, Sapinho\u00e1, S\u00e9pia e Atapu, al\u00e9m da participa\u00e7\u00e3o da Uni\u00e3o com \u00e1rea n\u00e3o contratada nos acordos de individualiza\u00e7\u00e3o da produ\u00e7\u00e3o de Tupi e\u00a0Atapu.<\/p>\n<p>Fonte: Ag\u00eancia Brasil<\/p>\n","protected":false},"excerpt":{"rendered":"<p>A Pr\u00e9-Sal Petr\u00f3leo S\/A (PPSA) estima comercializar 78 milh\u00f5es de barris de petr\u00f3leo da Uni\u00e3o no dia 25 junho do ano que vem na B3,&#8230;<\/p>\n","protected":false},"author":1527,"featured_media":55790,"comment_status":"closed","ping_status":"closed","sticky":false,"template":"","format":"standard","meta":{"footnotes":""},"categories":[6],"tags":[],"class_list":["post-55788","post","type-post","status-publish","format-standard","has-post-thumbnail","hentry","category-noticias"],"_links":{"self":[{"href":"https:\/\/www.sincomam.org.br\/index.php\/wp-json\/wp\/v2\/posts\/55788","targetHints":{"allow":["GET"]}}],"collection":[{"href":"https:\/\/www.sincomam.org.br\/index.php\/wp-json\/wp\/v2\/posts"}],"about":[{"href":"https:\/\/www.sincomam.org.br\/index.php\/wp-json\/wp\/v2\/types\/post"}],"author":[{"embeddable":true,"href":"https:\/\/www.sincomam.org.br\/index.php\/wp-json\/wp\/v2\/users\/1527"}],"replies":[{"embeddable":true,"href":"https:\/\/www.sincomam.org.br\/index.php\/wp-json\/wp\/v2\/comments?post=55788"}],"version-history":[{"count":1,"href":"https:\/\/www.sincomam.org.br\/index.php\/wp-json\/wp\/v2\/posts\/55788\/revisions"}],"predecessor-version":[{"id":55791,"href":"https:\/\/www.sincomam.org.br\/index.php\/wp-json\/wp\/v2\/posts\/55788\/revisions\/55791"}],"wp:featuredmedia":[{"embeddable":true,"href":"https:\/\/www.sincomam.org.br\/index.php\/wp-json\/wp\/v2\/media\/55790"}],"wp:attachment":[{"href":"https:\/\/www.sincomam.org.br\/index.php\/wp-json\/wp\/v2\/media?parent=55788"}],"wp:term":[{"taxonomy":"category","embeddable":true,"href":"https:\/\/www.sincomam.org.br\/index.php\/wp-json\/wp\/v2\/categories?post=55788"},{"taxonomy":"post_tag","embeddable":true,"href":"https:\/\/www.sincomam.org.br\/index.php\/wp-json\/wp\/v2\/tags?post=55788"}],"curies":[{"name":"wp","href":"https:\/\/api.w.org\/{rel}","templated":true}]}}