{"id":5577,"date":"2014-05-21T08:27:33","date_gmt":"2014-05-21T11:27:33","guid":{"rendered":"http:\/\/www.sincomam.org.br\/?p=5577"},"modified":"2014-05-21T09:02:34","modified_gmt":"2014-05-21T12:02:34","slug":"policiais-civis-confirmam-paralisacao-por-24-horas-nesta-quarta-feira","status":"publish","type":"post","link":"https:\/\/www.sincomam.org.br\/index.php\/policiais-civis-confirmam-paralisacao-por-24-horas-nesta-quarta-feira\/","title":{"rendered":"Pol\u00edcia Civil cruza os bra\u00e7os por 24 horas em, pelo menos, sete estados"},"content":{"rendered":"<p><em><strong>Paralisa\u00e7\u00e3o deve ocorrer no Rio, em Minas e na Bahia. No Par\u00e1 e no Piau\u00ed, os policiais militares\u00a0tamb\u00e9m\u00a0v\u00e3o parar\u00a0<\/strong><\/em><\/p>\n<p>Sete sindicatos e associa\u00e7\u00f5es de policiais civis confirmaram ontem que far\u00e3o paralisa\u00e7\u00f5es de seus servi\u00e7os nesta quarta-feira. O movimento, que tem por objetivo reivindicar melhores sal\u00e1rios, condi\u00e7\u00f5es de seguran\u00e7a e infraestrutura, promete afetar os estados de Rio de Janeiro, Minas, Bahia, Rond\u00f4nia, Santa Catarina, Par\u00e1 e Piau\u00ed, e tamb\u00e9m no Distrito Federal. O n\u00famero pode crescer ao longo do dia. Segundo o G1, tamb\u00e9m aderiram \u00e0 greve Alagoas, Para\u00edba e Sergipe. A ades\u00e3o da Pol\u00edcia Militar ao movimento n\u00e3o foi t\u00e3o ampla. Est\u00e3o previstas paralisa\u00e7\u00f5es apenas nos estados do Piau\u00ed e do Par\u00e1.<\/p>\n<p>No Rio de Janeiro, representantes de classe da Pol\u00edcia Civil afirmaram que v\u00e3o aderir \u00e0 paralisa\u00e7\u00e3o de 24 horas prevista para hoje. As associa\u00e7\u00f5es ligadas \u00e0 Pol\u00edcia Militar informaram, por sua vez, que n\u00e3o haver\u00e1 greve da categoria. Em S\u00e3o Paulo, at\u00e9 \u00e0s 20h de ontem, n\u00e3o havia indicativo de paralisa\u00e7\u00e3o em nenhuma das for\u00e7as de seguran\u00e7a.\u00a0Em Minas Gerais, a Pol\u00edcia Civil s\u00f3 atender\u00e1 a casos priorit\u00e1rios. Segundo Roberto Coelho, gerente de informa\u00e7\u00e3o do Sindpol, ocorr\u00eancias de assalto e furto de ve\u00edculos n\u00e3o ser\u00e3o feitas. Viaturas descaracterizadas, usadas em investiga\u00e7\u00f5es, v\u00e3o ficar nos p\u00e1tios. Coelho ainda n\u00e3o arrisca o n\u00edvel de ades\u00e3o, mas acredita que o ato vai impactar nas 853 cidades do estado. O sindicato divulgou uma cartilha para orientar os policiais sobre os servi\u00e7os essenciais.<\/p>\n<p>Na Bahia, os representes da categoria informaram que haver\u00e1 um efetivo m\u00ednimo de 30% de policiais no atendimento a pris\u00e3o em flagrante, levantamento cadav\u00e9rico, crimes contra a crian\u00e7a e contra a vida. No Esp\u00edrito Santo, s\u00f3 os delegados v\u00e3o trabalhar. Em Santa Catarina, apenas servi\u00e7os de emerg\u00eancia e urg\u00eancia dever\u00e3o ser mantidos.<\/p>\n<p>No Rio Grande do Sul, o cen\u00e1rio \u00e9 bem diferente. O sindicato dos policiais civis optou por n\u00e3o aderir ao movimento nacional por j\u00e1 ter suas reivindica\u00e7\u00f5es atendidas pelo governo. Apesar disso, com cerca de 5 mil agentes, a categoria ainda reclama do baixo n\u00famero de servidores e da demora na nomea\u00e7\u00e3o dos concursados. Mesmo sem greve, a categoria disse estar solid\u00e1ria ao movimento nacional por melhores sal\u00e1rios.<\/p>\n<p>No s\u00e1bado, a Confedera\u00e7\u00e3o Brasileira de Trabalhadores Policiais Civis (Cobrapol) divulgou um panfleto intitulado \u201cA seguran\u00e7a p\u00fablica pede socorro\u201d. Nele, destacava os altos \u00edndices de viol\u00eancia do pa\u00eds, como a taxa de 27,4 mortes para cada 100 mil pessoas e criticava o baixo efetivo policial.<\/p>\n<p>No Par\u00e1 e no Piau\u00ed, os policiais militares v\u00e3o parar. O presidente da Associa\u00e7\u00e3o dos Cabos e Soldados da PM do Piau\u00ed, cabo Agnaldo Oliveira, informou ontem que todo o efetivo, de 5.400 homens, vai aderir \u00e0 paralisa\u00e7\u00e3o nacional da categoria.<\/p>\n<p>\u2014 Os soldados s\u00f3 vivem doentes porque com o dinheiro do aux\u00edlio-refei\u00e7\u00e3o s\u00f3 podem comer espetinhos de gato nas ruas, e a gente sabe que comida de rua n\u00e3o tem proced\u00eancia, e muitos adoecem. Uma refei\u00e7\u00e3o n\u00e3o custa menos de que R$ 12 ou R$ 14 \u2014 disse ele.<\/p>\n<p>Fonte: O Globo \/ Foto: divulga\u00e7\u00e3o Pol\u00edcia Civil Rio<\/p>\n","protected":false},"excerpt":{"rendered":"<p>Paralisa\u00e7\u00e3o deve ocorrer no Rio, em Minas e na Bahia. No Par\u00e1 e no Piau\u00ed, os policiais militares\u00a0tamb\u00e9m\u00a0v\u00e3o parar\u00a0 Sete sindicatos e associa\u00e7\u00f5es de policiais&#8230;<\/p>\n","protected":false},"author":1182,"featured_media":5578,"comment_status":"closed","ping_status":"closed","sticky":false,"template":"","format":"standard","meta":{"footnotes":""},"categories":[6],"tags":[1238,1239,930,1055,59],"class_list":["post-5577","post","type-post","status-publish","format-standard","has-post-thumbnail","hentry","category-noticias","tag-civis","tag-paralisacao","tag-policiais","tag-quarta-feira","tag-rio-de-janeiro"],"_links":{"self":[{"href":"https:\/\/www.sincomam.org.br\/index.php\/wp-json\/wp\/v2\/posts\/5577","targetHints":{"allow":["GET"]}}],"collection":[{"href":"https:\/\/www.sincomam.org.br\/index.php\/wp-json\/wp\/v2\/posts"}],"about":[{"href":"https:\/\/www.sincomam.org.br\/index.php\/wp-json\/wp\/v2\/types\/post"}],"author":[{"embeddable":true,"href":"https:\/\/www.sincomam.org.br\/index.php\/wp-json\/wp\/v2\/users\/1182"}],"replies":[{"embeddable":true,"href":"https:\/\/www.sincomam.org.br\/index.php\/wp-json\/wp\/v2\/comments?post=5577"}],"version-history":[{"count":3,"href":"https:\/\/www.sincomam.org.br\/index.php\/wp-json\/wp\/v2\/posts\/5577\/revisions"}],"predecessor-version":[{"id":5587,"href":"https:\/\/www.sincomam.org.br\/index.php\/wp-json\/wp\/v2\/posts\/5577\/revisions\/5587"}],"wp:featuredmedia":[{"embeddable":true,"href":"https:\/\/www.sincomam.org.br\/index.php\/wp-json\/wp\/v2\/media\/5578"}],"wp:attachment":[{"href":"https:\/\/www.sincomam.org.br\/index.php\/wp-json\/wp\/v2\/media?parent=5577"}],"wp:term":[{"taxonomy":"category","embeddable":true,"href":"https:\/\/www.sincomam.org.br\/index.php\/wp-json\/wp\/v2\/categories?post=5577"},{"taxonomy":"post_tag","embeddable":true,"href":"https:\/\/www.sincomam.org.br\/index.php\/wp-json\/wp\/v2\/tags?post=5577"}],"curies":[{"name":"wp","href":"https:\/\/api.w.org\/{rel}","templated":true}]}}