{"id":55760,"date":"2024-12-05T06:47:31","date_gmt":"2024-12-05T09:47:31","guid":{"rendered":"http:\/\/www.sincomam.org.br\/?p=55760"},"modified":"2024-12-06T09:41:10","modified_gmt":"2024-12-06T12:41:10","slug":"novo-navio-patrulha-impulsiona-pronapa-e-defesa-da-amazonia-azul","status":"publish","type":"post","link":"https:\/\/www.sincomam.org.br\/index.php\/novo-navio-patrulha-impulsiona-pronapa-e-defesa-da-amazonia-azul\/","title":{"rendered":"Novo Navio-Patrulha impulsiona PRONAPA e defesa da Amaz\u00f4nia Azul"},"content":{"rendered":"<p>A Marinha do Brasil deu in\u00edcio, no dia 28 de novembro, \u00e0 constru\u00e7\u00e3o do Navio-Patrulha (NPa) \u201cMiramar\u201d, o quinto da Classe Maca\u00e9. A cerim\u00f4nia de Batimento de Quilha foi realizada no Arsenal de Marinha do Rio de Janeiro (AMRJ) e marcou um importante avan\u00e7o no Programa de Obten\u00e7\u00e3o de Navios-Patrulha (PRONAPA), inserido no Novo Programa de Acelera\u00e7\u00e3o do Crescimento (Novo PAC). Com previs\u00e3o de lan\u00e7amento para 2028, a embarca\u00e7\u00e3o ser\u00e1 essencial na prote\u00e7\u00e3o da Amaz\u00f4nia Azul e no fortalecimento da ind\u00fastria naval brasileira.<\/p>\n<p><strong>O Navio-Patrulha \u201cMiramar\u201d e a Classe Maca\u00e9<\/strong><\/p>\n<p>O Navio-Patrulha \u201cMiramar\u201d ser\u00e1 o quinto da Classe Maca\u00e9, projetado para desempenhar fun\u00e7\u00f5es estrat\u00e9gicas na prote\u00e7\u00e3o da Amaz\u00f4nia Azul, \u00e1rea mar\u00edtima que cobre cerca de cinco milh\u00f5es de quil\u00f4metros quadrados de \u00e1guas jurisdicionais brasileiras. A embarca\u00e7\u00e3o, com 54,2 metros de comprimento e velocidade m\u00e1xima de 21 n\u00f3s, \u00e9 equipada para atuar em miss\u00f5es de patrulhamento, combate a crimes como pesca ilegal e tr\u00e1fico de drogas, e busca e salvamento.<\/p>\n<p>A Classe Maca\u00e9 j\u00e1 conta com tr\u00eas navios em opera\u00e7\u00e3o \u2014 o NPa \u201cMaca\u00e9\u201d (P70), o NPa \u201cMacau\u201d (P71) e o NPa \u201cMaracan\u00e3\u201d (P72) \u2014 e ter\u00e1 o quarto, o NPa \u201cMangaratiba\u201d (P73), lan\u00e7ado ao mar em 2026. Esses navios refor\u00e7am a capacidade operativa da Marinha em \u00e1reas cr\u00edticas, garantindo a seguran\u00e7a do tr\u00e1fego mar\u00edtimo e a soberania nacional. O \u201cMiramar\u201d, assim como seus antecessores, representa um marco no avan\u00e7o tecnol\u00f3gico da engenharia naval brasileira.<\/p>\n<p><strong>O PRONAPA e o fortalecimento da ind\u00fastria naval<\/strong><\/p>\n<p>A constru\u00e7\u00e3o do \u201cMiramar\u201d \u00e9 parte do Programa de Obten\u00e7\u00e3o de Navios-Patrulha (PRONAPA), uma iniciativa estrat\u00e9gica vinculada ao Novo Programa de Acelera\u00e7\u00e3o do Crescimento (Novo PAC). Esse programa, al\u00e9m de fortalecer a defesa nacional, estimula o desenvolvimento econ\u00f4mico ao gerar cerca de 7.500 empregos diretos e indiretos e movimentar mais de R$ 230 milh\u00f5es em investimentos.<\/p>\n<p>O Arsenal de Marinha do Rio de Janeiro (AMRJ), respons\u00e1vel pela constru\u00e7\u00e3o, \u00e9 uma das mais antigas e respeitadas institui\u00e7\u00f5es de engenharia naval do pa\u00eds. Com mais de 260 anos de hist\u00f3ria, o AMRJ lidera a retomada da constru\u00e7\u00e3o naval brasileira, integrando inova\u00e7\u00f5es tecnol\u00f3gicas que asseguram maior efici\u00eancia nos processos e contribuem para a autossufici\u00eancia da ind\u00fastria de defesa.<\/p>\n<p><strong>A relev\u00e2ncia do Batimento de Quilha e a vis\u00e3o de futuro<\/strong><\/p>\n<p>O Batimento de Quilha, realizado com a coloca\u00e7\u00e3o do bloco central de 11 toneladas no local onde o casco ser\u00e1 montado, simboliza o in\u00edcio oficial da constru\u00e7\u00e3o do navio e \u00e9 uma tradi\u00e7\u00e3o hist\u00f3rica na engenharia naval. Esse evento reflete n\u00e3o apenas a continuidade da expertise do AMRJ, mas tamb\u00e9m a moderniza\u00e7\u00e3o dos m\u00e9todos de constru\u00e7\u00e3o, que agora permitem maior precis\u00e3o e efici\u00eancia.<\/p>\n<p>Com o lan\u00e7amento do \u201cMiramar\u201d previsto para 2028, o projeto fortalece o compromisso da Marinha em expandir e modernizar sua frota. Al\u00e9m de assegurar a soberania nacional em \u00e1guas jurisdicionais, o navio estar\u00e1 capacitado para desempenhar miss\u00f5es que integram seguran\u00e7a, prote\u00e7\u00e3o ambiental e apoio \u00e0 popula\u00e7\u00e3o em \u00e1reas isoladas. A Classe Maca\u00e9, que o \u201cMiramar\u201d integra, refor\u00e7a a posi\u00e7\u00e3o do\u00a0Brasil\u00a0como l\u00edder na defesa naval na Am\u00e9rica Latina.<\/p>\n<p>Fonte: Defesa em Foco<\/p>\n","protected":false},"excerpt":{"rendered":"<p>A Marinha do Brasil deu in\u00edcio, no dia 28 de novembro, \u00e0 constru\u00e7\u00e3o do Navio-Patrulha (NPa) \u201cMiramar\u201d, o quinto da Classe Maca\u00e9. A cerim\u00f4nia de&#8230;<\/p>\n","protected":false},"author":1527,"featured_media":55806,"comment_status":"closed","ping_status":"closed","sticky":false,"template":"","format":"standard","meta":{"footnotes":""},"categories":[6],"tags":[],"class_list":["post-55760","post","type-post","status-publish","format-standard","has-post-thumbnail","hentry","category-noticias"],"_links":{"self":[{"href":"https:\/\/www.sincomam.org.br\/index.php\/wp-json\/wp\/v2\/posts\/55760","targetHints":{"allow":["GET"]}}],"collection":[{"href":"https:\/\/www.sincomam.org.br\/index.php\/wp-json\/wp\/v2\/posts"}],"about":[{"href":"https:\/\/www.sincomam.org.br\/index.php\/wp-json\/wp\/v2\/types\/post"}],"author":[{"embeddable":true,"href":"https:\/\/www.sincomam.org.br\/index.php\/wp-json\/wp\/v2\/users\/1527"}],"replies":[{"embeddable":true,"href":"https:\/\/www.sincomam.org.br\/index.php\/wp-json\/wp\/v2\/comments?post=55760"}],"version-history":[{"count":1,"href":"https:\/\/www.sincomam.org.br\/index.php\/wp-json\/wp\/v2\/posts\/55760\/revisions"}],"predecessor-version":[{"id":55763,"href":"https:\/\/www.sincomam.org.br\/index.php\/wp-json\/wp\/v2\/posts\/55760\/revisions\/55763"}],"wp:featuredmedia":[{"embeddable":true,"href":"https:\/\/www.sincomam.org.br\/index.php\/wp-json\/wp\/v2\/media\/55806"}],"wp:attachment":[{"href":"https:\/\/www.sincomam.org.br\/index.php\/wp-json\/wp\/v2\/media?parent=55760"}],"wp:term":[{"taxonomy":"category","embeddable":true,"href":"https:\/\/www.sincomam.org.br\/index.php\/wp-json\/wp\/v2\/categories?post=55760"},{"taxonomy":"post_tag","embeddable":true,"href":"https:\/\/www.sincomam.org.br\/index.php\/wp-json\/wp\/v2\/tags?post=55760"}],"curies":[{"name":"wp","href":"https:\/\/api.w.org\/{rel}","templated":true}]}}