{"id":55727,"date":"2024-12-04T06:59:44","date_gmt":"2024-12-04T09:59:44","guid":{"rendered":"http:\/\/www.sincomam.org.br\/?p=55727"},"modified":"2024-12-04T06:59:44","modified_gmt":"2024-12-04T09:59:44","slug":"sobrecarga-de-trabalho-eleva-risco-de-depressao-entre-maes-cientistas","status":"publish","type":"post","link":"https:\/\/www.sincomam.org.br\/index.php\/sobrecarga-de-trabalho-eleva-risco-de-depressao-entre-maes-cientistas\/","title":{"rendered":"Sobrecarga de trabalho eleva risco de depress\u00e3o entre m\u00e3es cientistas"},"content":{"rendered":"<p>A porcentagem de m\u00e3es cientistas com sintomas de depress\u00e3o foi quase o dobro da verificada entre pais com a mesma carreira, segundo pesquisa apresentada como disserta\u00e7\u00e3o de mestrado em Ci\u00eancias Biom\u00e9dicas da Universidade Federal Fluminense. Entre as m\u00e3es entrevistadas, 42% apresentaram sinais da doen\u00e7a, em compara\u00e7\u00e3o a 22% dos pais.<img decoding=\"async\" src=\"https:\/\/agenciabrasil.ebc.com.br\/ebc.png?id=1622096&amp;o=node\" \/><img decoding=\"async\" src=\"https:\/\/agenciabrasil.ebc.com.br\/ebc.gif?id=1622096&amp;o=node\" \/><\/p>\n<p>A pesquisadora Sarah Rocha Alves acredita que esse adoecimento est\u00e1 relacionado com a sobrecarga de trabalho dom\u00e9stico e de cuidado.<\/p>\n<p>&#8220;Historicamente, as m\u00e3es t\u00eam assumido uma responsabilidade desproporcional na cria\u00e7\u00e3o dos filhos, e os resultados da pesquisa confirmaram o que j\u00e1 era esperado&#8221;, avalia.<\/p>\n<p>Dados complementares da pesquisa refor\u00e7am essa conclus\u00e3o, ao mostrar, por exemplo, que a propor\u00e7\u00e3o de m\u00e3es solo com sintomas foi cerca de 11 pontos percentuais maior do que a daquelas que dividem a cria\u00e7\u00e3o dos filhos. A diferen\u00e7a foi semelhante entre as m\u00e3es sem rede de apoio e as que contam com alguma ajuda. Al\u00e9m disso, quase 60% das m\u00e3es de crian\u00e7as com defici\u00eancia apresentaram alta probabilidade de ter depress\u00e3o, assim como mais de 54% das m\u00e3es negras.<\/p>\n<p>De acordo com Sarah, os entrevistados responderam a um question\u00e1rio chamado PHQ-9, amplamente utilizado para diagnosticar sintomas de depress\u00e3o. A pesquisa foi realizada em mar\u00e7o e junho de 2022, per\u00edodo de arrefecimento da pandemia da covid-19 no Brasil.<\/p>\n<p>&#8220;J\u00e1 est\u00e1vamos no retorno parcial das atividades, mas essas mulheres ainda estavam sobrecarregadas, conciliando trabalho dom\u00e9stico, cuidados das crian\u00e7as e atividades acad\u00eamicas, o que acabou sendo mais complicado para elas. Mas a pandemia s\u00f3 exacerbou o que j\u00e1 era esperado&#8221;, argumenta a pesquisadora.<\/p>\n<h2>Carreira<\/h2>\n<p>Al\u00e9m das consequ\u00eancias para a sa\u00fade mental, Sarah acredita que essa sobrecarga tamb\u00e9m impacta a carreira dessas pesquisadoras. &#8220;As mulheres s\u00e3o maioria na gradua\u00e7\u00e3o e p\u00f3s-gradua\u00e7\u00e3o, mas a medida que elas v\u00e3o avan\u00e7ando, t\u00eam uma limita\u00e7\u00e3o porque elas n\u00e3o t\u00eam pol\u00edticas de apoio para serem aceitas e conquistarem cargos superiores&#8221;.<\/p>\n<p>Levantamento do movimento Parent in Science estima que as mulheres vivenciam uma queda na produtividade que pode durar at\u00e9 6 anos, ap\u00f3s o nascimento dos filhos, o que n\u00e3o acontece com os homens que se tornam pais. Isso provoca um efeito conhecido como &#8220;teto de vidro&#8221;, que descreve a maior dificuldade que as mulheres t\u00eam de ascender em suas carreiras.<\/p>\n<p>Por isso, a pesquisadora defende mudan\u00e7as na cultura acad\u00eamica e cita como bons exemplos uma iniciativa da pr\u00f3pria Universidade Federal Fluminense, que d\u00e1 cr\u00e9ditos a pessoas com filhos nas suas sele\u00e7\u00f5es acad\u00eamicas, e os editais da Funda\u00e7\u00e3o de Amparo \u00e0 Pesquisa do Rio de Janeiro exclusivo para cientistas m\u00e3es. Ela tamb\u00e9m considera um avan\u00e7o a lei sancionada em em julho pelo presidente Luiz In\u00e1cio Lula da Silva que prorroga o prazos de conclus\u00e3o na educa\u00e7\u00e3o superior para pessoas que tiverem filhos.<\/p>\n<p>Fonte: Ag\u00eancia Brasil<\/p>\n","protected":false},"excerpt":{"rendered":"<p>A porcentagem de m\u00e3es cientistas com sintomas de depress\u00e3o foi quase o dobro da verificada entre pais com a mesma carreira, segundo pesquisa apresentada como&#8230;<\/p>\n","protected":false},"author":1527,"featured_media":55729,"comment_status":"closed","ping_status":"closed","sticky":false,"template":"","format":"standard","meta":{"footnotes":""},"categories":[6],"tags":[],"class_list":["post-55727","post","type-post","status-publish","format-standard","has-post-thumbnail","hentry","category-noticias"],"_links":{"self":[{"href":"https:\/\/www.sincomam.org.br\/index.php\/wp-json\/wp\/v2\/posts\/55727","targetHints":{"allow":["GET"]}}],"collection":[{"href":"https:\/\/www.sincomam.org.br\/index.php\/wp-json\/wp\/v2\/posts"}],"about":[{"href":"https:\/\/www.sincomam.org.br\/index.php\/wp-json\/wp\/v2\/types\/post"}],"author":[{"embeddable":true,"href":"https:\/\/www.sincomam.org.br\/index.php\/wp-json\/wp\/v2\/users\/1527"}],"replies":[{"embeddable":true,"href":"https:\/\/www.sincomam.org.br\/index.php\/wp-json\/wp\/v2\/comments?post=55727"}],"version-history":[{"count":1,"href":"https:\/\/www.sincomam.org.br\/index.php\/wp-json\/wp\/v2\/posts\/55727\/revisions"}],"predecessor-version":[{"id":55730,"href":"https:\/\/www.sincomam.org.br\/index.php\/wp-json\/wp\/v2\/posts\/55727\/revisions\/55730"}],"wp:featuredmedia":[{"embeddable":true,"href":"https:\/\/www.sincomam.org.br\/index.php\/wp-json\/wp\/v2\/media\/55729"}],"wp:attachment":[{"href":"https:\/\/www.sincomam.org.br\/index.php\/wp-json\/wp\/v2\/media?parent=55727"}],"wp:term":[{"taxonomy":"category","embeddable":true,"href":"https:\/\/www.sincomam.org.br\/index.php\/wp-json\/wp\/v2\/categories?post=55727"},{"taxonomy":"post_tag","embeddable":true,"href":"https:\/\/www.sincomam.org.br\/index.php\/wp-json\/wp\/v2\/tags?post=55727"}],"curies":[{"name":"wp","href":"https:\/\/api.w.org\/{rel}","templated":true}]}}