{"id":55715,"date":"2024-12-04T06:53:50","date_gmt":"2024-12-04T09:53:50","guid":{"rendered":"http:\/\/www.sincomam.org.br\/?p=55715"},"modified":"2024-12-04T06:53:50","modified_gmt":"2024-12-04T09:53:50","slug":"mais-11-blocos-entram-na-oferta-permanente-sob-regime-de-partilha","status":"publish","type":"post","link":"https:\/\/www.sincomam.org.br\/index.php\/mais-11-blocos-entram-na-oferta-permanente-sob-regime-de-partilha\/","title":{"rendered":"Mais 11 blocos entram na oferta permanente sob regime de partilha"},"content":{"rendered":"<p>O Minist\u00e9rio de Minas e Energia (MME) e o Minist\u00e9rio do Meio Ambiente e Mudan\u00e7a do Clima (MMA) assinaram, na \u00faltima semana, uma manifesta\u00e7\u00e3o conjunta referente a 11 blocos do pol\u00edgono do Pr\u00e9-Sal, completando as manifesta\u00e7\u00f5es necess\u00e1rias para os 14 blocos previstos na minuta do edital da Oferta Permanente de Partilha de Produ\u00e7\u00e3o (OPP). Com isso, todos os blocos est\u00e3o aptos a participar do ciclo da OPP.<\/p>\n<p>A consulta p\u00fablica sobre a minuta do edital est\u00e1 aberta at\u00e9 amanh\u00e3, 4 de dezembro, e as sugest\u00f5es podem ser enviadas por meio do site oficial. A audi\u00eancia p\u00fablica ser\u00e1 realizada em 11 de dezembro. Os 11 blocos inclu\u00eddos nesta manifesta\u00e7\u00e3o conjunta s\u00e3o Citrino, Larimar, \u00d4nix, Itaimbezinho e Jaspe, na Bacia de Campos, al\u00e9m de Safira Oeste, Safira Leste, Amazonita, \u00c1gata, Mogno e Ametista, na Bacia de Santos. Esses blocos foram autorizados para licita\u00e7\u00e3o pela Resolu\u00e7\u00e3o n\u00ba 11\/2023 do Conselho Nacional de Pol\u00edtica Energ\u00e9tica (CNPE), de acordo com a Resolu\u00e7\u00e3o n\u00ba 17\/2017 e a Portaria Interministerial MME\/MMA n\u00ba 01\/2022.<\/p>\n<p>Os demais blocos \u2014 Esmeralda, Jade e Turmalina \u2014 j\u00e1 contavam com manifesta\u00e7\u00f5es conjuntas anteriores. As manifesta\u00e7\u00f5es completas est\u00e3o dispon\u00edveis para consulta online.<\/p>\n<p>Fonte: Portos e Navios<\/p>\n","protected":false},"excerpt":{"rendered":"<p>O Minist\u00e9rio de Minas e Energia (MME) e o Minist\u00e9rio do Meio Ambiente e Mudan\u00e7a do Clima (MMA) assinaram, na \u00faltima semana, uma manifesta\u00e7\u00e3o conjunta&#8230;<\/p>\n","protected":false},"author":1527,"featured_media":55717,"comment_status":"closed","ping_status":"closed","sticky":false,"template":"","format":"standard","meta":{"footnotes":""},"categories":[6],"tags":[],"class_list":["post-55715","post","type-post","status-publish","format-standard","has-post-thumbnail","hentry","category-noticias"],"_links":{"self":[{"href":"https:\/\/www.sincomam.org.br\/index.php\/wp-json\/wp\/v2\/posts\/55715","targetHints":{"allow":["GET"]}}],"collection":[{"href":"https:\/\/www.sincomam.org.br\/index.php\/wp-json\/wp\/v2\/posts"}],"about":[{"href":"https:\/\/www.sincomam.org.br\/index.php\/wp-json\/wp\/v2\/types\/post"}],"author":[{"embeddable":true,"href":"https:\/\/www.sincomam.org.br\/index.php\/wp-json\/wp\/v2\/users\/1527"}],"replies":[{"embeddable":true,"href":"https:\/\/www.sincomam.org.br\/index.php\/wp-json\/wp\/v2\/comments?post=55715"}],"version-history":[{"count":1,"href":"https:\/\/www.sincomam.org.br\/index.php\/wp-json\/wp\/v2\/posts\/55715\/revisions"}],"predecessor-version":[{"id":55718,"href":"https:\/\/www.sincomam.org.br\/index.php\/wp-json\/wp\/v2\/posts\/55715\/revisions\/55718"}],"wp:featuredmedia":[{"embeddable":true,"href":"https:\/\/www.sincomam.org.br\/index.php\/wp-json\/wp\/v2\/media\/55717"}],"wp:attachment":[{"href":"https:\/\/www.sincomam.org.br\/index.php\/wp-json\/wp\/v2\/media?parent=55715"}],"wp:term":[{"taxonomy":"category","embeddable":true,"href":"https:\/\/www.sincomam.org.br\/index.php\/wp-json\/wp\/v2\/categories?post=55715"},{"taxonomy":"post_tag","embeddable":true,"href":"https:\/\/www.sincomam.org.br\/index.php\/wp-json\/wp\/v2\/tags?post=55715"}],"curies":[{"name":"wp","href":"https:\/\/api.w.org\/{rel}","templated":true}]}}