{"id":55639,"date":"2024-12-02T06:15:53","date_gmt":"2024-12-02T09:15:53","guid":{"rendered":"http:\/\/www.sincomam.org.br\/?p=55639"},"modified":"2024-11-30T17:06:27","modified_gmt":"2024-11-30T20:06:27","slug":"seguranca-maritima-marinha-intensifica-defesa-no-porto-de-salvador","status":"publish","type":"post","link":"https:\/\/www.sincomam.org.br\/index.php\/seguranca-maritima-marinha-intensifica-defesa-no-porto-de-salvador\/","title":{"rendered":"Seguran\u00e7a mar\u00edtima: Marinha intensifica defesa no Porto de Salvador"},"content":{"rendered":"<p>No cora\u00e7\u00e3o da Ba\u00eda de Todos os Santos, o Porto de Salvador se transforma em cen\u00e1rio estrat\u00e9gico para a Marinha do Brasil, que realiza a Opera\u00e7\u00e3o DEPORTEX \u2013 LE II\/2024. Entre 3 e 6 de dezembro, cerca de 200 militares e seis embarca\u00e7\u00f5es v\u00e3o se mobilizar para refor\u00e7ar a defesa portu\u00e1ria, garantindo a seguran\u00e7a de uma das principais portas de entrada da economia nacional.<\/p>\n<p><strong>O cen\u00e1rio estrat\u00e9gico da Opera\u00e7\u00e3o DEPORTEX<\/strong><\/p>\n<p>O Porto de Salvador, com sua localiza\u00e7\u00e3o privilegiada e papel fundamental na economia brasileira, foi escolhido como palco para a Opera\u00e7\u00e3o DEPORTEX \u2013 LE II\/2024. Reconhecido pela efici\u00eancia na movimenta\u00e7\u00e3o de cont\u00eaineres e por sua relev\u00e2ncia no com\u00e9rcio internacional, o porto conecta o\u00a0Brasil\u00a0ao Mercosul e \u00e0 Europa. Esses atributos fazem dele uma infraestrutura essencial, exigindo constante vigil\u00e2ncia e preparo para prevenir potenciais amea\u00e7as.<\/p>\n<p>Durante o exerc\u00edcio, a\u00a0Marinha do Brasil\u00a0mobilizou recursos humanos e materiais significativos, com destaque para a atua\u00e7\u00e3o de 200 militares e seis embarca\u00e7\u00f5es, incluindo o Navio-Patrulha \u201cGravata\u00ed\u201d e lanchas da Capitania dos Portos. A opera\u00e7\u00e3o \u00e9 planejada para integrar atividades em terra e no mar, com cen\u00e1rios que simulam ataques contra o porto e seus acessos.<\/p>\n<p><strong>Integra\u00e7\u00e3o e coopera\u00e7\u00e3o entre for\u00e7as na DEPORTEX<\/strong><\/p>\n<p>A Opera\u00e7\u00e3o DEPORTEX n\u00e3o se limita ao treinamento interno da Marinha. Ela \u00e9 um exemplo de integra\u00e7\u00e3o com outras entidades civis e militares, envolvendo o Comando do 2\u00ba Distrito Naval, a Base Naval de Aratu, a Capitania dos Portos da Bahia e o Grupamento de Patrulha Naval do Leste. A participa\u00e7\u00e3o da Companhia das Docas do Estado da Bahia (CODEBA), da Guarda Portu\u00e1ria e da Praticagem da Bahia refor\u00e7a a import\u00e2ncia da coordena\u00e7\u00e3o interinstitucional na seguran\u00e7a portu\u00e1ria.<\/p>\n<p>Esse esfor\u00e7o conjunto destaca o compromisso de proteger n\u00e3o apenas o porto, mas tamb\u00e9m os interesses econ\u00f4micos e sociais associados \u00e0 infraestrutura. Durante o exerc\u00edcio, as opera\u00e7\u00f5es regulares do porto seguir\u00e3o inalteradas, gra\u00e7as ao planejamento meticuloso e \u00e0 colabora\u00e7\u00e3o eficiente entre as partes envolvidas.<\/p>\n<p><strong>A DEPORTEX no contexto da seguran\u00e7a mar\u00edtima brasileira<\/strong><\/p>\n<p>A Defesa de Porto \u00e9 um componente essencial da estrat\u00e9gia mar\u00edtima nacional. Em um pa\u00eds com vasto litoral e dependente do com\u00e9rcio mar\u00edtimo, opera\u00e7\u00f5es como a DEPORTEX servem para aprimorar as capacidades da Marinha e testar novas tecnologias e t\u00e1ticas. Esse tipo de treinamento \u00e9 crucial para garantir a seguran\u00e7a das rotas mar\u00edtimas e proteger pontos estrat\u00e9gicos como o Porto de Salvador.<\/p>\n<p>Al\u00e9m disso, a DEPORTEX reflete a evolu\u00e7\u00e3o dos exerc\u00edcios de defesa naval, que buscam responder a amea\u00e7as modernas, como ataques cibern\u00e9ticos e a\u00e7\u00f5es assim\u00e9tricas. A opera\u00e7\u00e3o tamb\u00e9m fortalece a presen\u00e7a da Marinha no Atl\u00e2ntico Sul, refor\u00e7ando seu papel na manuten\u00e7\u00e3o da ordem e da seguran\u00e7a na regi\u00e3o.<\/p>\n<p>Fonte: Defesa em Foco<\/p>\n","protected":false},"excerpt":{"rendered":"<p>No cora\u00e7\u00e3o da Ba\u00eda de Todos os Santos, o Porto de Salvador se transforma em cen\u00e1rio estrat\u00e9gico para a Marinha do Brasil, que realiza a&#8230;<\/p>\n","protected":false},"author":1527,"featured_media":55641,"comment_status":"closed","ping_status":"closed","sticky":false,"template":"","format":"standard","meta":{"footnotes":""},"categories":[6],"tags":[],"class_list":["post-55639","post","type-post","status-publish","format-standard","has-post-thumbnail","hentry","category-noticias"],"_links":{"self":[{"href":"https:\/\/www.sincomam.org.br\/index.php\/wp-json\/wp\/v2\/posts\/55639","targetHints":{"allow":["GET"]}}],"collection":[{"href":"https:\/\/www.sincomam.org.br\/index.php\/wp-json\/wp\/v2\/posts"}],"about":[{"href":"https:\/\/www.sincomam.org.br\/index.php\/wp-json\/wp\/v2\/types\/post"}],"author":[{"embeddable":true,"href":"https:\/\/www.sincomam.org.br\/index.php\/wp-json\/wp\/v2\/users\/1527"}],"replies":[{"embeddable":true,"href":"https:\/\/www.sincomam.org.br\/index.php\/wp-json\/wp\/v2\/comments?post=55639"}],"version-history":[{"count":1,"href":"https:\/\/www.sincomam.org.br\/index.php\/wp-json\/wp\/v2\/posts\/55639\/revisions"}],"predecessor-version":[{"id":55642,"href":"https:\/\/www.sincomam.org.br\/index.php\/wp-json\/wp\/v2\/posts\/55639\/revisions\/55642"}],"wp:featuredmedia":[{"embeddable":true,"href":"https:\/\/www.sincomam.org.br\/index.php\/wp-json\/wp\/v2\/media\/55641"}],"wp:attachment":[{"href":"https:\/\/www.sincomam.org.br\/index.php\/wp-json\/wp\/v2\/media?parent=55639"}],"wp:term":[{"taxonomy":"category","embeddable":true,"href":"https:\/\/www.sincomam.org.br\/index.php\/wp-json\/wp\/v2\/categories?post=55639"},{"taxonomy":"post_tag","embeddable":true,"href":"https:\/\/www.sincomam.org.br\/index.php\/wp-json\/wp\/v2\/tags?post=55639"}],"curies":[{"name":"wp","href":"https:\/\/api.w.org\/{rel}","templated":true}]}}