{"id":55603,"date":"2024-11-29T12:00:11","date_gmt":"2024-11-29T15:00:11","guid":{"rendered":"http:\/\/www.sincomam.org.br\/?p=55603"},"modified":"2024-11-29T12:00:23","modified_gmt":"2024-11-29T15:00:23","slug":"greve-de-auditores-fiscais-expoe-impasses-com-o-governo-e-pressiona-comercio-exterior","status":"publish","type":"post","link":"https:\/\/www.sincomam.org.br\/index.php\/greve-de-auditores-fiscais-expoe-impasses-com-o-governo-e-pressiona-comercio-exterior\/","title":{"rendered":"Greve de auditores fiscais exp\u00f5e impasses com o governo e pressiona com\u00e9rcio exterior"},"content":{"rendered":"<p>Os auditores fiscais da Receita Federal deram in\u00edcio, nesta ter\u00e7a-feira (26), a uma greve sem prazo para t\u00e9rmino, como forma de protesto contra a falta de avan\u00e7os nas negocia\u00e7\u00f5es por reajustes salariais e melhorias nas condi\u00e7\u00f5es de trabalho. A decis\u00e3o foi tomada em assembleia realizada na \u00faltima quinta-feira (21), com a ades\u00e3o de mais de 90% dos 4.667 membros participantes da vota\u00e7\u00e3o, e j\u00e1 gera apreens\u00e3o nos setores ligados ao com\u00e9rcio exterior e \u00e0 log\u00edstica.<\/p>\n<p data-gtm-vis-first-on-screen675107_59=\"17802\" data-gtm-vis-total-visible-time675107_59=\"2800\"><strong>Impactos na Receita Federal e no Com\u00e9rcio Exterior<\/strong><\/p>\n<p>A paralisa\u00e7\u00e3o inclui uma s\u00e9rie de medidas que comprometem o funcionamento da Receita Federal. Entre as a\u00e7\u00f5es est\u00e3o a ado\u00e7\u00e3o de opera\u00e7\u00f5es-padr\u00e3o nos postos aduaneiros, a interrup\u00e7\u00e3o integral de atividades em setores internos e a entrega de cargos de chefia. Essas iniciativas devem resultar em atrasos significativos na libera\u00e7\u00e3o de mercadorias nas alf\u00e2ndegas e portos, o que pode elevar os custos log\u00edsticos e dificultar o fluxo de importa\u00e7\u00f5es e exporta\u00e7\u00f5es.<\/p>\n<p>De acordo com o advogado Luciano Bushatsky Andrade de Alencar, especialista em Direito Aduaneiro, &#8220;os custos adicionais associados \u00e0 log\u00edstica, combinados com as dificuldades impostas por uma opera\u00e7\u00e3o-padr\u00e3o, t\u00eam impacto direto na competitividade do com\u00e9rcio exterior brasileiro, refletindo no consumidor final&#8221;.<\/p>\n<p><strong>Contexto da greve e reivindica\u00e7\u00f5es<\/strong><\/p>\n<p>A paralisa\u00e7\u00e3o \u00e9 fruto da insatisfa\u00e7\u00e3o dos auditores fiscais com a aus\u00eancia de di\u00e1logo por parte do Governo Federal. A categoria, que desempenha papel essencial na arrecada\u00e7\u00e3o de tributos e no combate a pr\u00e1ticas ilegais como contrabando e evas\u00e3o fiscal, reivindica reajustes salariais e melhores condi\u00e7\u00f5es de trabalho. Segundo os auditores, a decis\u00e3o pela greve foi tomada como \u00faltima alternativa diante da falta de avan\u00e7o nas negocia\u00e7\u00f5es.<\/p>\n<p>O Sindifisco Nacional, sindicato que representa a categoria, ressalta que o movimento busca evidenciar a relev\u00e2ncia da fun\u00e7\u00e3o de auditor fiscal e a necessidade de valoriza\u00e7\u00e3o profissional. A entidade destaca que a aus\u00eancia de respostas do governo \u00e0s demandas da classe reflete um descompasso entre as prioridades or\u00e7ament\u00e1rias e a import\u00e2ncia estrat\u00e9gica do trabalho dos auditores para o equil\u00edbrio fiscal do pa\u00eds.<\/p>\n<p><strong>Resposta do governo e repercuss\u00e3o<\/strong><\/p>\n<p>Em contraponto \u00e0 paralisa\u00e7\u00e3o, o Governo Federal reafirma sua posi\u00e7\u00e3o de n\u00e3o abrir negocia\u00e7\u00f5es salariais, alegando restri\u00e7\u00f5es or\u00e7ament\u00e1rias e outras prioridades financeiras para 2024. Essa postura tem gerado frustra\u00e7\u00e3o entre os auditores, que consideram sua atua\u00e7\u00e3o crucial para a estabilidade econ\u00f4mica e fiscal do pa\u00eds.<\/p>\n<p>Especialistas alertam que a continuidade da greve pode trazer consequ\u00eancias significativas para a economia brasileira, que j\u00e1 enfrenta desafios como o aumento dos custos log\u00edsticos, a volatilidade cambial e a press\u00e3o inflacion\u00e1ria. O prolongamento do movimento grevista tende a comprometer a competitividade das empresas brasileiras no mercado internacional, resultando em aumento de pre\u00e7os e prazos de entrega mais longos para o consumidor final.<\/p>\n<p><strong>Cen\u00e1rio econ\u00f4mico e perspectivas<\/strong><\/p>\n<p>A greve ocorre em um momento sens\u00edvel para a economia nacional, quando setores como com\u00e9rcio exterior e log\u00edstica enfrentam dificuldades adicionais. Especialistas apontam que o di\u00e1logo entre o governo e os auditores fiscais \u00e9 fundamental para evitar que o impasse se prolongue e gere impactos mais profundos na atividade econ\u00f4mica.<\/p>\n<p>Enquanto isso, as medidas adotadas pelos auditores mant\u00eam setores-chave em alerta, com riscos de desabastecimento e aumento de custos para toda a cadeia produtiva. A continuidade da paralisa\u00e7\u00e3o depender\u00e1 de avan\u00e7os nas negocia\u00e7\u00f5es e de uma eventual flexibiliza\u00e7\u00e3o das posturas atuais por ambas as partes.<\/p>\n<p>Fonte: Folha de Pernambuco<\/p>\n","protected":false},"excerpt":{"rendered":"<p>Os auditores fiscais da Receita Federal deram in\u00edcio, nesta ter\u00e7a-feira (26), a uma greve sem prazo para t\u00e9rmino, como forma de protesto contra a falta&#8230;<\/p>\n","protected":false},"author":1527,"featured_media":55605,"comment_status":"closed","ping_status":"closed","sticky":false,"template":"","format":"standard","meta":{"footnotes":""},"categories":[6],"tags":[],"class_list":["post-55603","post","type-post","status-publish","format-standard","has-post-thumbnail","hentry","category-noticias"],"_links":{"self":[{"href":"https:\/\/www.sincomam.org.br\/index.php\/wp-json\/wp\/v2\/posts\/55603","targetHints":{"allow":["GET"]}}],"collection":[{"href":"https:\/\/www.sincomam.org.br\/index.php\/wp-json\/wp\/v2\/posts"}],"about":[{"href":"https:\/\/www.sincomam.org.br\/index.php\/wp-json\/wp\/v2\/types\/post"}],"author":[{"embeddable":true,"href":"https:\/\/www.sincomam.org.br\/index.php\/wp-json\/wp\/v2\/users\/1527"}],"replies":[{"embeddable":true,"href":"https:\/\/www.sincomam.org.br\/index.php\/wp-json\/wp\/v2\/comments?post=55603"}],"version-history":[{"count":2,"href":"https:\/\/www.sincomam.org.br\/index.php\/wp-json\/wp\/v2\/posts\/55603\/revisions"}],"predecessor-version":[{"id":55607,"href":"https:\/\/www.sincomam.org.br\/index.php\/wp-json\/wp\/v2\/posts\/55603\/revisions\/55607"}],"wp:featuredmedia":[{"embeddable":true,"href":"https:\/\/www.sincomam.org.br\/index.php\/wp-json\/wp\/v2\/media\/55605"}],"wp:attachment":[{"href":"https:\/\/www.sincomam.org.br\/index.php\/wp-json\/wp\/v2\/media?parent=55603"}],"wp:term":[{"taxonomy":"category","embeddable":true,"href":"https:\/\/www.sincomam.org.br\/index.php\/wp-json\/wp\/v2\/categories?post=55603"},{"taxonomy":"post_tag","embeddable":true,"href":"https:\/\/www.sincomam.org.br\/index.php\/wp-json\/wp\/v2\/tags?post=55603"}],"curies":[{"name":"wp","href":"https:\/\/api.w.org\/{rel}","templated":true}]}}