{"id":55594,"date":"2024-11-28T12:09:09","date_gmt":"2024-11-28T15:09:09","guid":{"rendered":"http:\/\/www.sincomam.org.br\/?p=55594"},"modified":"2024-11-28T12:09:09","modified_gmt":"2024-11-28T15:09:09","slug":"haddad-anuncia-isencao-de-ir-para-quem-ganha-ate-r-5-mil","status":"publish","type":"post","link":"https:\/\/www.sincomam.org.br\/index.php\/haddad-anuncia-isencao-de-ir-para-quem-ganha-ate-r-5-mil\/","title":{"rendered":"Haddad anuncia isen\u00e7\u00e3o de IR para quem ganha at\u00e9 R$ 5 mil"},"content":{"rendered":"<p>O governo enviar\u00e1, combinado ao pacote de corte de gastos obrigat\u00f3rios, a proposta para isentar de Imposto de Renda quem ganha at\u00e9 R$ 5 mil por m\u00eas, disse em pronunciamento nesta noite o ministro da Fazenda, Fernando Haddad. Ele esclareceu que a medida n\u00e3o ter\u00e1 impacto sobre as contas p\u00fablicas porque ser\u00e1 bancada com a taxa\u00e7\u00e3o extra de quem ganha mais de R$ 50 mil mensais.<img decoding=\"async\" src=\"https:\/\/agenciabrasil.ebc.com.br\/ebc.png?id=1621504&amp;o=node\" \/><img decoding=\"async\" src=\"https:\/\/agenciabrasil.ebc.com.br\/ebc.gif?id=1621504&amp;o=node\" \/><\/p>\n<p>\u201c\u00c9 o Brasil justo, com menos imposto e mais dinheiro no bolso para investir no seu pequeno neg\u00f3cio, impulsionar o com\u00e9rcio no seu bairro e ajudar a sua cidade a crescer. A nova medida n\u00e3o trar\u00e1 impacto fiscal, ou seja, n\u00e3o aumentar\u00e1 os gastos do governo. Porque quem tem renda superior a R$ 50 mil por m\u00eas pagar\u00e1 um pouco mais. Tudo sem excessos e respeitando padr\u00f5es internacionais consagrados\u201d, disse o ministro em pronunciamento em cadeia nacional de r\u00e1dio e de televis\u00e3o.<\/p>\n<p>Segundo Haddad, a medida faz parte da segunda etapa da reforma tribut\u00e1ria, que prev\u00ea a reforma do Imposto de Renda. No pronunciamento, o ministro lembrou da reforma tribut\u00e1ria do consumo, promulgada no ano passado e em regulamenta\u00e7\u00e3o pelo Congresso, que trar\u00e1 outros benef\u00edcios \u00e0s classes baixa e m\u00e9dia.<\/p>\n<p>\u201cEssa medida, combinada \u00e0 hist\u00f3rica Reforma Tribut\u00e1ria, far\u00e1 com que grande parte do povo brasileiro n\u00e3o pague nem Imposto de Renda e nem imposto sobre produtos da cesta b\u00e1sica, inclusive a carne. Corrigindo grande parte da inaceit\u00e1vel injusti\u00e7a tribut\u00e1ria, que aprofundava a desigualdade social em nosso pa\u00eds\u201d, acrescentou o ministro.<\/p>\n<p>Fonte: Ag\u00eancia Brasil<\/p>\n","protected":false},"excerpt":{"rendered":"<p>O governo enviar\u00e1, combinado ao pacote de corte de gastos obrigat\u00f3rios, a proposta para isentar de Imposto de Renda quem ganha at\u00e9 R$ 5 mil&#8230;<\/p>\n","protected":false},"author":1527,"featured_media":55596,"comment_status":"closed","ping_status":"closed","sticky":false,"template":"","format":"standard","meta":{"footnotes":""},"categories":[6],"tags":[],"class_list":["post-55594","post","type-post","status-publish","format-standard","has-post-thumbnail","hentry","category-noticias"],"_links":{"self":[{"href":"https:\/\/www.sincomam.org.br\/index.php\/wp-json\/wp\/v2\/posts\/55594","targetHints":{"allow":["GET"]}}],"collection":[{"href":"https:\/\/www.sincomam.org.br\/index.php\/wp-json\/wp\/v2\/posts"}],"about":[{"href":"https:\/\/www.sincomam.org.br\/index.php\/wp-json\/wp\/v2\/types\/post"}],"author":[{"embeddable":true,"href":"https:\/\/www.sincomam.org.br\/index.php\/wp-json\/wp\/v2\/users\/1527"}],"replies":[{"embeddable":true,"href":"https:\/\/www.sincomam.org.br\/index.php\/wp-json\/wp\/v2\/comments?post=55594"}],"version-history":[{"count":1,"href":"https:\/\/www.sincomam.org.br\/index.php\/wp-json\/wp\/v2\/posts\/55594\/revisions"}],"predecessor-version":[{"id":55597,"href":"https:\/\/www.sincomam.org.br\/index.php\/wp-json\/wp\/v2\/posts\/55594\/revisions\/55597"}],"wp:featuredmedia":[{"embeddable":true,"href":"https:\/\/www.sincomam.org.br\/index.php\/wp-json\/wp\/v2\/media\/55596"}],"wp:attachment":[{"href":"https:\/\/www.sincomam.org.br\/index.php\/wp-json\/wp\/v2\/media?parent=55594"}],"wp:term":[{"taxonomy":"category","embeddable":true,"href":"https:\/\/www.sincomam.org.br\/index.php\/wp-json\/wp\/v2\/categories?post=55594"},{"taxonomy":"post_tag","embeddable":true,"href":"https:\/\/www.sincomam.org.br\/index.php\/wp-json\/wp\/v2\/tags?post=55594"}],"curies":[{"name":"wp","href":"https:\/\/api.w.org\/{rel}","templated":true}]}}