{"id":55586,"date":"2024-11-28T12:00:29","date_gmt":"2024-11-28T15:00:29","guid":{"rendered":"http:\/\/www.sincomam.org.br\/?p=55586"},"modified":"2024-11-28T12:00:29","modified_gmt":"2024-11-28T15:00:29","slug":"prosub-recebe-alunos-e-apresenta-avancos-na-construcao-de-submarinos","status":"publish","type":"post","link":"https:\/\/www.sincomam.org.br\/index.php\/prosub-recebe-alunos-e-apresenta-avancos-na-construcao-de-submarinos\/","title":{"rendered":"PROSUB recebe alunos e apresenta avan\u00e7os na constru\u00e7\u00e3o de submarinos"},"content":{"rendered":"<p>Em um encontro que conectou teoria acad\u00eamica e pr\u00e1tica tecnol\u00f3gica, alunos da Escola de Guerra Naval (EGN) de Mestrado e Doutorado do Programa de P\u00f3s-Gradua\u00e7\u00e3o em Estudos Mar\u00edtimos (PPGEM) participaram, no dia 5 de novembro, de uma visita t\u00e9cnica ao Estaleiro e Base Naval de Itagua\u00ed (EBN-ITAGUA\u00cd). Acompanhados pelo Centro de Estudos Pol\u00edtico-Estrat\u00e9gicos da Marinha (CEPE-MB), os estudantes tiveram acesso a informa\u00e7\u00f5es exclusivas sobre o PROSUB e visitaram as instala\u00e7\u00f5es onde \u00e9 constru\u00eddo o Submarino Almirante Karam.<\/p>\n<p><strong>A Visita T\u00e9cnica: Integra\u00e7\u00e3o entre Academia e Defesa Nacional<\/strong><\/p>\n<p>A visita t\u00e9cnica representou uma oportunidade \u00edmpar para os alunos do PPGEM compreenderem os desafios e avan\u00e7os tecnol\u00f3gicos relacionados \u00e0 Defesa Nacional. Organizada em conjunto com o CEPE-MB, a atividade teve como objetivo fortalecer o v\u00ednculo entre a academia e a Marinha do\u00a0Brasil, permitindo que os estudantes observassem, de perto, a aplica\u00e7\u00e3o pr\u00e1tica dos conceitos estrat\u00e9gicos e operacionais que estudam em sala de aula.<\/p>\n<p>A intera\u00e7\u00e3o com oficiais e engenheiros da Marinha possibilitou trocas enriquecedoras de conhecimento. Os estudantes tiveram a chance de questionar e discutir temas como inova\u00e7\u00e3o tecnol\u00f3gica, log\u00edstica de grandes projetos e a import\u00e2ncia do PROSUB na\u00a0geopol\u00edtica\u00a0regional, ampliando sua compreens\u00e3o sobre a relev\u00e2ncia do programa para o Brasil.<\/p>\n<p><strong>Avan\u00e7os do PROSUB e a Constru\u00e7\u00e3o do Submarino Almirante Karam<\/strong><\/p>\n<p>O Vice-Almirante Humberto Caldas da Silveira Junior, Coordenador-Geral do Programa de Desenvolvimento de Submarino com Propuls\u00e3o Nuclear, destacou os avan\u00e7os mais recentes do PROSUB. Durante a apresenta\u00e7\u00e3o, os participantes foram atualizados sobre os desafios t\u00e9cnicos e os marcos alcan\u00e7ados na constru\u00e7\u00e3o dos submarinos da classe Riachuelo.<\/p>\n<p>O Submarino Almirante Karam (S-43), cuja entrega est\u00e1 prevista para 2025, \u00e9 uma das pe\u00e7as centrais do programa. O grupo acompanhou o est\u00e1gio de fabrica\u00e7\u00e3o da embarca\u00e7\u00e3o nas instala\u00e7\u00f5es da Itagua\u00ed Constru\u00e7\u00f5es Navais (ICN), onde receberam explica\u00e7\u00f5es sobre os processos tecnol\u00f3gicos e os sistemas de \u00faltima gera\u00e7\u00e3o que ser\u00e3o incorporados ao submarino. Esse esfor\u00e7o refor\u00e7a a capacidade da Marinha em operar e manter tecnologias avan\u00e7adas, aumentando a soberania mar\u00edtima do Brasil.<\/p>\n<p><strong>Estaleiro e Base Naval de Itagua\u00ed: Um Centro de Excel\u00eancia<\/strong><\/p>\n<p>O Estaleiro e Base Naval de Itagua\u00ed se consolidou como um centro de excel\u00eancia na constru\u00e7\u00e3o de submarinos, abrigando equipamentos e infraestrutura de ponta. Operando em parceria com a Itagua\u00ed Constru\u00e7\u00f5es Navais (ICN), o complexo \u00e9 respons\u00e1vel pela produ\u00e7\u00e3o e manuten\u00e7\u00e3o dos submarinos do PROSUB, incluindo as unidades com propuls\u00e3o nuclear.<\/p>\n<p>Os alunos tamb\u00e9m puderam observar o impacto do programa na Base Industrial de Defesa (BID), com a gera\u00e7\u00e3o de empregos qualificados e o est\u00edmulo \u00e0 inova\u00e7\u00e3o tecnol\u00f3gica. Al\u00e9m de fortalecer a presen\u00e7a brasileira no Atl\u00e2ntico Sul, o PROSUB impulsiona a economia nacional e assegura a prepara\u00e7\u00e3o do Brasil para desafios estrat\u00e9gicos globais.<\/p>\n<p>Fonte: Defesa em Foco<\/p>\n","protected":false},"excerpt":{"rendered":"<p>Em um encontro que conectou teoria acad\u00eamica e pr\u00e1tica tecnol\u00f3gica, alunos da Escola de Guerra Naval (EGN) de Mestrado e Doutorado do Programa de P\u00f3s-Gradua\u00e7\u00e3o&#8230;<\/p>\n","protected":false},"author":1527,"featured_media":55588,"comment_status":"closed","ping_status":"closed","sticky":false,"template":"","format":"standard","meta":{"footnotes":""},"categories":[6],"tags":[],"class_list":["post-55586","post","type-post","status-publish","format-standard","has-post-thumbnail","hentry","category-noticias"],"_links":{"self":[{"href":"https:\/\/www.sincomam.org.br\/index.php\/wp-json\/wp\/v2\/posts\/55586","targetHints":{"allow":["GET"]}}],"collection":[{"href":"https:\/\/www.sincomam.org.br\/index.php\/wp-json\/wp\/v2\/posts"}],"about":[{"href":"https:\/\/www.sincomam.org.br\/index.php\/wp-json\/wp\/v2\/types\/post"}],"author":[{"embeddable":true,"href":"https:\/\/www.sincomam.org.br\/index.php\/wp-json\/wp\/v2\/users\/1527"}],"replies":[{"embeddable":true,"href":"https:\/\/www.sincomam.org.br\/index.php\/wp-json\/wp\/v2\/comments?post=55586"}],"version-history":[{"count":1,"href":"https:\/\/www.sincomam.org.br\/index.php\/wp-json\/wp\/v2\/posts\/55586\/revisions"}],"predecessor-version":[{"id":55589,"href":"https:\/\/www.sincomam.org.br\/index.php\/wp-json\/wp\/v2\/posts\/55586\/revisions\/55589"}],"wp:featuredmedia":[{"embeddable":true,"href":"https:\/\/www.sincomam.org.br\/index.php\/wp-json\/wp\/v2\/media\/55588"}],"wp:attachment":[{"href":"https:\/\/www.sincomam.org.br\/index.php\/wp-json\/wp\/v2\/media?parent=55586"}],"wp:term":[{"taxonomy":"category","embeddable":true,"href":"https:\/\/www.sincomam.org.br\/index.php\/wp-json\/wp\/v2\/categories?post=55586"},{"taxonomy":"post_tag","embeddable":true,"href":"https:\/\/www.sincomam.org.br\/index.php\/wp-json\/wp\/v2\/tags?post=55586"}],"curies":[{"name":"wp","href":"https:\/\/api.w.org\/{rel}","templated":true}]}}