{"id":5558,"date":"2014-05-19T08:31:04","date_gmt":"2014-05-19T11:31:04","guid":{"rendered":"http:\/\/www.sincomam.org.br\/?p=5558"},"modified":"2014-05-18T19:09:13","modified_gmt":"2014-05-18T22:09:13","slug":"oposicao-quer-instalar-nesta-semana-a-segunda-cpi-da-petrobras","status":"publish","type":"post","link":"https:\/\/www.sincomam.org.br\/index.php\/oposicao-quer-instalar-nesta-semana-a-segunda-cpi-da-petrobras\/","title":{"rendered":"Oposi\u00e7\u00e3o quer instalar nesta semana a segunda CPI da Petrobras"},"content":{"rendered":"<p><strong><em>CPI mista, incluindo deputados e senadores, vai andar paralelamente \u00e0 CPI do Senado<\/em><\/strong><\/p>\n<p>O presidente do Senado, Renan Calheiros (PMDB-AL), disse nesta quinta-feira (15) que n\u00e3o cabe a ele instalar a Comiss\u00e3o Parlamentar Mista de Inqu\u00e9rito (CPMI) para investigar irregularidades na Petrobras, como reivindica a oposi\u00e7\u00e3o. &#8220;A instala\u00e7\u00e3o n\u00e3o tem nada a ver com o presidente [do Congresso Nacional], a \u00fanica coisa que depende do presidente, e eu vou fazer no prazo [regimental], \u00e9 a indica\u00e7\u00e3o dos nomes dos partidos que n\u00e3o indicarem. \u00c9 isso que cabe ao presidente do Congresso. Eu vou seguir os mesmos prazos que segui em rela\u00e7\u00e3o a CPI do Senado&#8221;, garantiu. As informa\u00e7\u00f5es s\u00e3o da Ag\u00eancia Brasil.<\/p>\n<p>Com a 19 dos 32 integrantes definidos -dois a mais que o n\u00famero m\u00ednimo exigido para o in\u00edcio dos trabalhos, a instala\u00e7\u00e3o deve ocorrer nesta semana, mesmo sem as indica\u00e7\u00f5es da base aliada ao governo. No dia 14, a oposi\u00e7\u00e3o chegou a anunciar que instalaria a CPMI de qualquer maneira, mas desistiu da ideia depois de ser alertada de que a primeira reuni\u00e3o da CPMI pode at\u00e9 ocorrer com a comiss\u00e3o incompleta -metade mais um dos integrantes, mas somente depois que vencer o prazo para as indica\u00e7\u00f5es dos l\u00edderes, o que ocorrer\u00e1 na pr\u00f3xima ter\u00e7a-feira (20). Se a base aliada n\u00e3o apontar nomes pra compor a comiss\u00e3o, o presidente do Congresso tem at\u00e9 27 de maio para fazer as indica\u00e7\u00f5es.<\/p>\n<p>&#8220;Eu espero, e toda oposi\u00e7\u00e3o estar\u00e1 mobilizada, para que a gente, tendo n\u00famero regimental de mais de 17 membros, possa escolher o presidente e designar o relator para iniciarmos os trabalhos imediatamente&#8221;, disse o l\u00edder o DEM na C\u00e2mara, Mendon\u00e7a Filho (PE).<\/p>\n<p>Segundo o deputado, a CPI mista vai andar paralelamente \u00e0 CPI do Senado, que tem uma chancela e uma cara governista, chapa branca. &#8220;A CPMI vai ter muito mais independ\u00eancia porque, al\u00e9m de contar com a tropa de choque do governo, conta tamb\u00e9m com parlamentares independentes e da bancada oposicionista da C\u00e2mara e [a comiss\u00e3o ] vai atuar para desvendar todo esse mar de den\u00fancias envolvendo a Petrobras&#8221;, disse.<\/p>\n<p>Na avalia\u00e7\u00e3o de Mendon\u00e7a, num primeiro momento, o alvo principal das investiga\u00e7\u00f5es deve ser aqueles que atuaram direta ou indiretamente nas opera\u00e7\u00f5es envolvendo a aquisi\u00e7\u00e3o da Refinaria de Pasadena, no Texas, da SBM Off Shore, e na implanta\u00e7\u00e3o da Refinaria de Abreu e Lima, em Pernambuco.<\/p>\n<p>Na C\u00e2mara, at\u00e9 agora, 13 das 16 vagas est\u00e3o preenchidas, faltam as indica\u00e7\u00f5es do PT e do PROS. No Senado, PMDB e PT tamb\u00e9m n\u00e3o escalaram seus representantes. Com a sa\u00edda do PSB do bloco de apoio ao governo, pela regra da proporcionalidade, o partido deve ganhar uma vaga na comiss\u00e3o.<\/p>\n<p>Enquanto a CPI mista n\u00e3o se define, a CPI exclusiva do Senado para investigar irregularidades na Petrobras foi instalada na \u00faltima quarta. A presidente da Petrobras, Gra\u00e7a Foster, o ex-presidente da companhia Jos\u00e9 Sergio Gabrielli e a diretora-geral da ANP (Ag\u00eancia Nacional de Petr\u00f3leo), Magda Chambriad, est\u00e3o entre os primeiros convocados para depor.<\/p>\n<p>Fonte: Folhapress<\/p>\n","protected":false},"excerpt":{"rendered":"<p>CPI mista, incluindo deputados e senadores, vai andar paralelamente \u00e0 CPI do Senado O presidente do Senado, Renan Calheiros (PMDB-AL), disse nesta quinta-feira (15) que&#8230;<\/p>\n","protected":false},"author":1182,"featured_media":4833,"comment_status":"closed","ping_status":"closed","sticky":false,"template":"","format":"standard","meta":{"footnotes":""},"categories":[6],"tags":[831,1229,811,58,924],"class_list":["post-5558","post","type-post","status-publish","format-standard","has-post-thumbnail","hentry","category-noticias","tag-cpi","tag-mista","tag-pasadena","tag-petrobras","tag-senado"],"_links":{"self":[{"href":"https:\/\/www.sincomam.org.br\/index.php\/wp-json\/wp\/v2\/posts\/5558","targetHints":{"allow":["GET"]}}],"collection":[{"href":"https:\/\/www.sincomam.org.br\/index.php\/wp-json\/wp\/v2\/posts"}],"about":[{"href":"https:\/\/www.sincomam.org.br\/index.php\/wp-json\/wp\/v2\/types\/post"}],"author":[{"embeddable":true,"href":"https:\/\/www.sincomam.org.br\/index.php\/wp-json\/wp\/v2\/users\/1182"}],"replies":[{"embeddable":true,"href":"https:\/\/www.sincomam.org.br\/index.php\/wp-json\/wp\/v2\/comments?post=5558"}],"version-history":[{"count":1,"href":"https:\/\/www.sincomam.org.br\/index.php\/wp-json\/wp\/v2\/posts\/5558\/revisions"}],"predecessor-version":[{"id":5559,"href":"https:\/\/www.sincomam.org.br\/index.php\/wp-json\/wp\/v2\/posts\/5558\/revisions\/5559"}],"wp:featuredmedia":[{"embeddable":true,"href":"https:\/\/www.sincomam.org.br\/index.php\/wp-json\/wp\/v2\/media\/4833"}],"wp:attachment":[{"href":"https:\/\/www.sincomam.org.br\/index.php\/wp-json\/wp\/v2\/media?parent=5558"}],"wp:term":[{"taxonomy":"category","embeddable":true,"href":"https:\/\/www.sincomam.org.br\/index.php\/wp-json\/wp\/v2\/categories?post=5558"},{"taxonomy":"post_tag","embeddable":true,"href":"https:\/\/www.sincomam.org.br\/index.php\/wp-json\/wp\/v2\/tags?post=5558"}],"curies":[{"name":"wp","href":"https:\/\/api.w.org\/{rel}","templated":true}]}}