{"id":55578,"date":"2024-11-28T11:56:20","date_gmt":"2024-11-28T14:56:20","guid":{"rendered":"http:\/\/www.sincomam.org.br\/?p=55578"},"modified":"2024-11-28T11:56:20","modified_gmt":"2024-11-28T14:56:20","slug":"tcp-amplia-calado-operacional-no-porto-de-paranagua","status":"publish","type":"post","link":"https:\/\/www.sincomam.org.br\/index.php\/tcp-amplia-calado-operacional-no-porto-de-paranagua\/","title":{"rendered":"TCP amplia calado operacional no Porto de Paranagu\u00e1"},"content":{"rendered":"<p>A TCP, respons\u00e1vel pelo Terminal de Cont\u00eaineres de Paranagu\u00e1 (PR), recebeu homologa\u00e7\u00e3o para operar com um calado ampliado de 12,1 metros para 12,6 metros em mar\u00e9 zero, conforme a portaria 306\/2024\/APPA. A mudan\u00e7a, aprovada pela Marinha do Brasil, praticagem e pela Portos do Paran\u00e1, aumenta a capacidade dos navios de transportar carga, estimando-se que cada 10 cent\u00edmetros adicionais de calado possibilitem 80 TEUs a mais por embarca\u00e7\u00e3o.<\/p>\n<p>Segundo a gerente comercial de armadores da TCP, Carolina Merkle Brown, essa amplia\u00e7\u00e3o marca um avan\u00e7o estrat\u00e9gico, permitindo opera\u00e7\u00f5es com navios maiores, otimizando a exporta\u00e7\u00e3o e importa\u00e7\u00e3o, e fortalecendo o Porto de Paranagu\u00e1 como um hub portu\u00e1rio de relev\u00e2ncia global. A TCP tamb\u00e9m deve reduzir o tempo de espera das embarca\u00e7\u00f5es e aumentar a fluidez das opera\u00e7\u00f5es.<\/p>\n<p>O gerente institucional e jur\u00eddico da TCP, Rafael Stein Santos, destacou que o novo calado elimina a necessidade de mar\u00e9 positiva para navios com at\u00e9 12,6 metros, ampliando a flexibilidade operacional e promovendo benef\u00edcios diretos ao com\u00e9rcio exterior. Ele tamb\u00e9m enfatizou os impactos econ\u00f4micos, como maior gera\u00e7\u00e3o de empregos, renda e arrecada\u00e7\u00e3o para os munic\u00edpios da regi\u00e3o.<\/p>\n<p>A amplia\u00e7\u00e3o foi poss\u00edvel gra\u00e7as \u00e0s obras de derrocagem submarina realizadas na regi\u00e3o do canal de acesso ao porto, com a remo\u00e7\u00e3o de cerca de 20 mil metros c\u00fabicos de rochas. O material foi doado a munic\u00edpios litor\u00e2neos do Paran\u00e1 para uso em obras p\u00fablicas, como pavimenta\u00e7\u00e3o. A conclus\u00e3o desse projeto, segundo Santos, refor\u00e7a o comprometimento das autoridades mar\u00edtimas e portu\u00e1rias com o crescimento econ\u00f4mico e log\u00edstico da regi\u00e3o.<\/p>\n<p>Fonte: Portos e Navios<\/p>\n","protected":false},"excerpt":{"rendered":"<p>A TCP, respons\u00e1vel pelo Terminal de Cont\u00eaineres de Paranagu\u00e1 (PR), recebeu homologa\u00e7\u00e3o para operar com um calado ampliado de 12,1 metros para 12,6 metros em&#8230;<\/p>\n","protected":false},"author":1527,"featured_media":55580,"comment_status":"closed","ping_status":"closed","sticky":false,"template":"","format":"standard","meta":{"footnotes":""},"categories":[6],"tags":[],"class_list":["post-55578","post","type-post","status-publish","format-standard","has-post-thumbnail","hentry","category-noticias"],"_links":{"self":[{"href":"https:\/\/www.sincomam.org.br\/index.php\/wp-json\/wp\/v2\/posts\/55578","targetHints":{"allow":["GET"]}}],"collection":[{"href":"https:\/\/www.sincomam.org.br\/index.php\/wp-json\/wp\/v2\/posts"}],"about":[{"href":"https:\/\/www.sincomam.org.br\/index.php\/wp-json\/wp\/v2\/types\/post"}],"author":[{"embeddable":true,"href":"https:\/\/www.sincomam.org.br\/index.php\/wp-json\/wp\/v2\/users\/1527"}],"replies":[{"embeddable":true,"href":"https:\/\/www.sincomam.org.br\/index.php\/wp-json\/wp\/v2\/comments?post=55578"}],"version-history":[{"count":1,"href":"https:\/\/www.sincomam.org.br\/index.php\/wp-json\/wp\/v2\/posts\/55578\/revisions"}],"predecessor-version":[{"id":55581,"href":"https:\/\/www.sincomam.org.br\/index.php\/wp-json\/wp\/v2\/posts\/55578\/revisions\/55581"}],"wp:featuredmedia":[{"embeddable":true,"href":"https:\/\/www.sincomam.org.br\/index.php\/wp-json\/wp\/v2\/media\/55580"}],"wp:attachment":[{"href":"https:\/\/www.sincomam.org.br\/index.php\/wp-json\/wp\/v2\/media?parent=55578"}],"wp:term":[{"taxonomy":"category","embeddable":true,"href":"https:\/\/www.sincomam.org.br\/index.php\/wp-json\/wp\/v2\/categories?post=55578"},{"taxonomy":"post_tag","embeddable":true,"href":"https:\/\/www.sincomam.org.br\/index.php\/wp-json\/wp\/v2\/tags?post=55578"}],"curies":[{"name":"wp","href":"https:\/\/api.w.org\/{rel}","templated":true}]}}